{"id":19930,"date":"2026-05-01T09:50:37","date_gmt":"2026-05-01T13:50:37","guid":{"rendered":"https:\/\/noticiasdominicanas.com\/?p=19930"},"modified":"2026-05-01T09:50:37","modified_gmt":"2026-05-01T13:50:37","slug":"la-etica-periodistica-digital-un-reto-global-en-la-era-de-la-informacion","status":"publish","type":"post","link":"https:\/\/noticiasdominicanas.com\/?p=19930","title":{"rendered":"La \u00e9tica period\u00edstica digital: un reto global en la era de la informaci\u00f3n"},"content":{"rendered":"<p style=\"font-weight: 400;\">Por Dr. Am\u00edn Cruz<\/p>\n<p style=\"font-weight: 400;\"><strong><em>\u201cLa libertad es el derecho de todo ser humano a ser honesto consigo mismo\u201d, Friedrich Nietzsche.<\/em><\/strong><\/p>\n<p style=\"font-weight: 400;\"><strong><em>\u00a0<\/em><\/strong>En un mundo hiperconectado, donde la informaci\u00f3n circula a velocidades sin precedentes y las plataformas digitales se han consolidado como el principal ecosistema comunicacional, la \u00e9tica period\u00edstica digital se erige como uno de los mayores desaf\u00edos del siglo XXI. M\u00e1s que una disciplina, constituye un compromiso ineludible con la verdad, la responsabilidad social y la dignidad humana.<\/p>\n<p style=\"font-weight: 400;\">La revoluci\u00f3n tecnol\u00f3gica ha democratizado la producci\u00f3n y difusi\u00f3n de contenidos, permitiendo que tanto periodistas como ciudadanos participen activamente en la construcci\u00f3n del discurso p\u00fablico. Sin embargo, esta apertura tambi\u00e9n ha generado un entorno complejo y vulnerable, marcado por la proliferaci\u00f3n de noticias falsas, la manipulaci\u00f3n informativa, la descontextualizaci\u00f3n de los hechos y la erosi\u00f3n de la confianza en los medios.<\/p>\n<p style=\"font-weight: 400;\">En este contexto, pensadores como el Dr. Ignacio Ramonet han advertido que el periodismo digital debe sostenerse sobre tres pilares fundamentales:\u00a0<strong>veracidad, transparencia y responsabilidad social<\/strong>. Sin estos principios, la informaci\u00f3n deja de ser un bien p\u00fablico para convertirse en un instrumento de confusi\u00f3n y poder.<\/p>\n<p style=\"font-weight: 400;\">Desde el a\u00f1o 2005 hasta el 2019 de manera consecutiva ven\u00eda reflexionando en el Congreso Hispanoamericano de Prensa y Congreso Mundial de Prensa la voz autorizada el maestro de maestros, el padre de la \u00e9tica period\u00edstica en Am\u00e9rica Latina, Javier Dar\u00edo Restrepo, quien afirm\u00f3 con claridad visionaria: \u201cEl desaf\u00edo no es \u00fanicamente t\u00e9cnico, sino profundamente \u00e9tico. La inmediatez no puede sustituir la verificaci\u00f3n, ni la viralidad justificar la ausencia de contexto. La \u00e9tica digital no es un accesorio del periodismo; es su columna vertebral en el siglo XXI\u201d.<\/p>\n<p style=\"font-weight: 400;\">Sus palabras adquieren hoy una vigencia indiscutible en una era dominada por algoritmos, tendencias virales y la presi\u00f3n constante de la inmediatez.<\/p>\n<p style=\"font-weight: 400;\">Organismos internacionales como la UNESCO han reiterado la necesidad de establecer marcos regulatorios y protocolos claros que orienten el ejercicio del periodismo en entornos digitales. Entre sus principales recomendaciones destacan: la verificaci\u00f3n rigurosa de la informaci\u00f3n, la protecci\u00f3n de la privacidad de las audiencias, la alfabetizaci\u00f3n medi\u00e1tica y el uso \u00e9tico de tecnolog\u00edas emergentes como la inteligencia artificial.<\/p>\n<p style=\"font-weight: 400;\">La inteligencia artificial, en particular, representa un punto de inflexi\u00f3n. Su capacidad para generar contenidos, segmentar audiencias y amplificar mensajes plantea interrogantes \u00e9ticos fundamentales: \u00bfqui\u00e9n controla la informaci\u00f3n?, \u00bfc\u00f3mo garantizar la transparencia de los algoritmos?, \u00bfde qu\u00e9 manera evitar la manipulaci\u00f3n masiva? Estas preguntas obligan a repensar el rol del periodista no solo como informador, sino como garante de la verdad y mediador responsable entre la tecnolog\u00eda y la sociedad.<\/p>\n<p style=\"font-weight: 400;\">Voces contempor\u00e1neas como el Dr. Ignacio Ramonet, Mons. Ramon de la Rosa y Carpio y el Dr. Ricardo Nieves coinciden en que la \u00e9tica period\u00edstica digital debe asumirse como un compromiso global e inquebrantable:\u00a0<strong>proteger la verdad, salvaguardar la dignidad humana y garantizar que la informaci\u00f3n contin\u00fae siendo un bien p\u00fablico universal<\/strong>.<\/p>\n<p style=\"font-weight: 400;\">No se trata \u00fanicamente de adaptarse a la tecnolog\u00eda, sino de humanizarla. El periodismo no puede renunciar a su esencia en nombre de la rapidez ni del espect\u00e1culo. La credibilidad, construida durante d\u00e9cadas, puede perderse en segundos si se sacrifica el rigor por la viralidad.<\/p>\n<p style=\"font-weight: 400;\">El futuro del periodismo digital depender\u00e1, en gran medida, de su capacidad para preservar la confianza ciudadana. Esto implica equilibrar innovaci\u00f3n tecnol\u00f3gica con principios \u00e9ticos universales, fortalecer la formaci\u00f3n de los profesionales de la comunicaci\u00f3n y promover una cultura informativa basada en la responsabilidad, la honestidad y el respeto.<\/p>\n<p style=\"font-weight: 400;\"><strong><em>\u201cEn este escenario, la \u00e9tica deja de ser una opci\u00f3n para convertirse en una necesidad estructural. No hay periodismo sin verdad, ni verdad sin \u00e9tica\u201d.<\/em><\/strong><\/p>\n<p style=\"font-weight: 400;\"><strong><em>\u00a0<\/em><\/strong><strong><em>\u201cLa \u00e9tica est\u00e1 por encima de la inmediatez, de la improvisaci\u00f3n y del \u2018figureo\u2019 de las redes digitales.\u201d<\/em><\/strong><\/p>\n<p style=\"font-weight: 400;\"><em>\u00a0<\/em>Dr. Am\u00edn Cruz, CEO, presidente y fundador del Congreso Hispanoamericano de Prensa y del Congreso Mundial de Prensa; Padre Embajador del Periodismo Hispanoamericano y Latinoamericano, diplom\u00e1tico, periodista, historiador, escritor y educador.<\/p>\n","protected":false},"excerpt":{"rendered":"<p>\u201cLa libertad es el derecho de todo ser humano a ser honesto consigo mismo\u201d, Friedrich Nietzsche.<\/p>\n","protected":false},"author":1,"featured_media":19931,"comment_status":"closed","ping_status":"closed","sticky":false,"template":"","format":"standard","meta":{"_jetpack_memberships_contains_paid_content":false,"footnotes":""},"categories":[8],"tags":[2522,1769],"class_list":["post-19930","post","type-post","status-publish","format-standard","has-post-thumbnail","hentry","category-opinion","tag-opinion-dr-amin-cruz","tag-periodismo-digital"],"yoast_head":"<!-- This site is optimized with the Yoast SEO plugin v27.5 - https:\/\/yoast.com\/product\/yoast-seo-wordpress\/ -->\n<title>La \u00e9tica period\u00edstica digital: un reto global en la era de la informaci\u00f3n - Noticias Dominicanas<\/title>\n<meta name=\"description\" content=\"\u201cLa libertad es el derecho de todo ser humano a ser honesto consigo mismo\u201d, Friedrich Nietzsche.\" \/>\n<meta name=\"robots\" content=\"index, follow, max-snippet:-1, max-image-preview:large, max-video-preview:-1\" \/>\n<link rel=\"canonical\" href=\"https:\/\/noticiasdominicanas.com\/?p=19930\" \/>\n<meta property=\"og:locale\" content=\"es_ES\" \/>\n<meta property=\"og:type\" content=\"article\" \/>\n<meta property=\"og:title\" content=\"La \u00e9tica period\u00edstica digital: un reto global en la era de la informaci\u00f3n - Noticias Dominicanas\" \/>\n<meta property=\"og:description\" content=\"\u201cLa libertad es el derecho de todo ser humano a ser honesto consigo mismo\u201d, Friedrich Nietzsche.\" \/>\n<meta property=\"og:url\" content=\"https:\/\/noticiasdominicanas.com\/?p=19930\" \/>\n<meta property=\"og:site_name\" content=\"Noticias Dominicanas\" \/>\n<meta property=\"article:publisher\" content=\"https:\/\/www.facebook.com\/notidominicanas\" \/>\n<meta property=\"article:published_time\" content=\"2026-05-01T13:50:37+00:00\" \/>\n<meta property=\"og:image\" content=\"https:\/\/noticiasdominicanas.com\/wp-content\/uploads\/2026\/05\/2.jpg\" \/>\n\t<meta property=\"og:image:width\" content=\"392\" \/>\n\t<meta property=\"og:image:height\" content=\"220\" \/>\n\t<meta property=\"og:image:type\" content=\"image\/jpeg\" \/>\n<meta name=\"author\" content=\"notidom\" \/>\n<meta name=\"twitter:card\" content=\"summary_large_image\" \/>\n<meta name=\"twitter:creator\" content=\"@notidominicanas\" \/>\n<meta name=\"twitter:site\" content=\"@notidominicanas\" \/>\n<meta name=\"twitter:label1\" content=\"Escrito por\" \/>\n\t<meta name=\"twitter:data1\" content=\"notidom\" \/>\n\t<meta name=\"twitter:label2\" content=\"Tiempo de lectura\" \/>\n\t<meta name=\"twitter:data2\" content=\"4 minutos\" \/>\n<script type=\"application\/ld+json\" class=\"yoast-schema-graph\">{\"@context\":\"https:\\\/\\\/schema.org\",\"@graph\":[{\"@type\":\"Article\",\"@id\":\"https:\\\/\\\/noticiasdominicanas.com\\\/?p=19930#article\",\"isPartOf\":{\"@id\":\"https:\\\/\\\/noticiasdominicanas.com\\\/?p=19930\"},\"author\":{\"name\":\"notidom\",\"@id\":\"https:\\\/\\\/noticiasdominicanas.com\\\/#\\\/schema\\\/person\\\/ee8e756960e116e1f0612f86172c5831\"},\"headline\":\"La \u00e9tica period\u00edstica digital: un reto global en la era de la informaci\u00f3n\",\"datePublished\":\"2026-05-01T13:50:37+00:00\",\"mainEntityOfPage\":{\"@id\":\"https:\\\/\\\/noticiasdominicanas.com\\\/?p=19930\"},\"wordCount\":711,\"publisher\":{\"@id\":\"https:\\\/\\\/noticiasdominicanas.com\\\/#organization\"},\"image\":{\"@id\":\"https:\\\/\\\/noticiasdominicanas.com\\\/?p=19930#primaryimage\"},\"thumbnailUrl\":\"https:\\\/\\\/i0.wp.com\\\/noticiasdominicanas.com\\\/wp-content\\\/uploads\\\/2026\\\/05\\\/2.jpg?fit=392%2C220&ssl=1\",\"keywords\":[\"Opini\u00f3n Dr. Amin Cruz\",\"Periodismo digital.\"],\"articleSection\":[\"Opini\u00f3n\"],\"inLanguage\":\"es\"},{\"@type\":\"WebPage\",\"@id\":\"https:\\\/\\\/noticiasdominicanas.com\\\/?p=19930\",\"url\":\"https:\\\/\\\/noticiasdominicanas.com\\\/?p=19930\",\"name\":\"La \u00e9tica period\u00edstica digital: un reto global en la era de la informaci\u00f3n - Noticias Dominicanas\",\"isPartOf\":{\"@id\":\"https:\\\/\\\/noticiasdominicanas.com\\\/#website\"},\"primaryImageOfPage\":{\"@id\":\"https:\\\/\\\/noticiasdominicanas.com\\\/?p=19930#primaryimage\"},\"image\":{\"@id\":\"https:\\\/\\\/noticiasdominicanas.com\\\/?p=19930#primaryimage\"},\"thumbnailUrl\":\"https:\\\/\\\/i0.wp.com\\\/noticiasdominicanas.com\\\/wp-content\\\/uploads\\\/2026\\\/05\\\/2.jpg?fit=392%2C220&ssl=1\",\"datePublished\":\"2026-05-01T13:50:37+00:00\",\"description\":\"\u201cLa libertad es el derecho de todo ser humano a ser honesto consigo mismo\u201d, Friedrich Nietzsche.\",\"breadcrumb\":{\"@id\":\"https:\\\/\\\/noticiasdominicanas.com\\\/?p=19930#breadcrumb\"},\"inLanguage\":\"es\",\"potentialAction\":[{\"@type\":\"ReadAction\",\"target\":[\"https:\\\/\\\/noticiasdominicanas.com\\\/?p=19930\"]}]},{\"@type\":\"ImageObject\",\"inLanguage\":\"es\",\"@id\":\"https:\\\/\\\/noticiasdominicanas.com\\\/?p=19930#primaryimage\",\"url\":\"https:\\\/\\\/i0.wp.com\\\/noticiasdominicanas.com\\\/wp-content\\\/uploads\\\/2026\\\/05\\\/2.jpg?fit=392%2C220&ssl=1\",\"contentUrl\":\"https:\\\/\\\/i0.wp.com\\\/noticiasdominicanas.com\\\/wp-content\\\/uploads\\\/2026\\\/05\\\/2.jpg?fit=392%2C220&ssl=1\",\"width\":392,\"height\":220},{\"@type\":\"BreadcrumbList\",\"@id\":\"https:\\\/\\\/noticiasdominicanas.com\\\/?p=19930#breadcrumb\",\"itemListElement\":[{\"@type\":\"ListItem\",\"position\":1,\"name\":\"Home\",\"item\":\"https:\\\/\\\/noticiasdominicanas.com\\\/\"},{\"@type\":\"ListItem\",\"position\":2,\"name\":\"La \u00e9tica period\u00edstica digital: un reto global en la era de la informaci\u00f3n\"}]},{\"@type\":\"WebSite\",\"@id\":\"https:\\\/\\\/noticiasdominicanas.com\\\/#website\",\"url\":\"https:\\\/\\\/noticiasdominicanas.com\\\/\",\"name\":\"Noticias Dominicanas\",\"description\":\"Noticias y opiniones desde Rep\u00fablica Dominicana\",\"publisher\":{\"@id\":\"https:\\\/\\\/noticiasdominicanas.com\\\/#organization\"},\"potentialAction\":[{\"@type\":\"SearchAction\",\"target\":{\"@type\":\"EntryPoint\",\"urlTemplate\":\"https:\\\/\\\/noticiasdominicanas.com\\\/?s={search_term_string}\"},\"query-input\":{\"@type\":\"PropertyValueSpecification\",\"valueRequired\":true,\"valueName\":\"search_term_string\"}}],\"inLanguage\":\"es\"},{\"@type\":\"Organization\",\"@id\":\"https:\\\/\\\/noticiasdominicanas.com\\\/#organization\",\"name\":\"Noticias Dominicanas\",\"url\":\"https:\\\/\\\/noticiasdominicanas.com\\\/\",\"logo\":{\"@type\":\"ImageObject\",\"inLanguage\":\"es\",\"@id\":\"https:\\\/\\\/noticiasdominicanas.com\\\/#\\\/schema\\\/logo\\\/image\\\/\",\"url\":\"https:\\\/\\\/i0.wp.com\\\/noticiasdominicanas.com\\\/wp-content\\\/uploads\\\/2013\\\/12\\\/logo-noticias-dominicanas-web.png?fit=380%2C100&ssl=1\",\"contentUrl\":\"https:\\\/\\\/i0.wp.com\\\/noticiasdominicanas.com\\\/wp-content\\\/uploads\\\/2013\\\/12\\\/logo-noticias-dominicanas-web.png?fit=380%2C100&ssl=1\",\"width\":380,\"height\":100,\"caption\":\"Noticias Dominicanas\"},\"image\":{\"@id\":\"https:\\\/\\\/noticiasdominicanas.com\\\/#\\\/schema\\\/logo\\\/image\\\/\"},\"sameAs\":[\"https:\\\/\\\/www.facebook.com\\\/notidominicanas\",\"https:\\\/\\\/x.com\\\/notidominicanas\",\"https:\\\/\\\/www.instagram.com\\\/ndominicanas\\\/\"]},{\"@type\":\"Person\",\"@id\":\"https:\\\/\\\/noticiasdominicanas.com\\\/#\\\/schema\\\/person\\\/ee8e756960e116e1f0612f86172c5831\",\"name\":\"notidom\",\"image\":{\"@type\":\"ImageObject\",\"inLanguage\":\"es\",\"@id\":\"https:\\\/\\\/secure.gravatar.com\\\/avatar\\\/f184cef738a2e7a54f4d1f52522b7a733332543fce5bbc31311546a99cd995e1?s=96&d=mm&r=g\",\"url\":\"https:\\\/\\\/secure.gravatar.com\\\/avatar\\\/f184cef738a2e7a54f4d1f52522b7a733332543fce5bbc31311546a99cd995e1?s=96&d=mm&r=g\",\"contentUrl\":\"https:\\\/\\\/secure.gravatar.com\\\/avatar\\\/f184cef738a2e7a54f4d1f52522b7a733332543fce5bbc31311546a99cd995e1?s=96&d=mm&r=g\",\"caption\":\"notidom\"},\"url\":\"https:\\\/\\\/noticiasdominicanas.com\\\/?author=1\"}]}<\/script>\n<!-- \/ Yoast SEO plugin. -->","yoast_head_json":{"title":"La \u00e9tica period\u00edstica digital: un reto global en la era de la informaci\u00f3n - Noticias Dominicanas","description":"\u201cLa libertad es el derecho de todo ser humano a ser honesto consigo mismo\u201d, Friedrich Nietzsche.","robots":{"index":"index","follow":"follow","max-snippet":"max-snippet:-1","max-image-preview":"max-image-preview:large","max-video-preview":"max-video-preview:-1"},"canonical":"https:\/\/noticiasdominicanas.com\/?p=19930","og_locale":"es_ES","og_type":"article","og_title":"La \u00e9tica period\u00edstica digital: un reto global en la era de la informaci\u00f3n - Noticias Dominicanas","og_description":"\u201cLa libertad es el derecho de todo ser humano a ser honesto consigo mismo\u201d, Friedrich Nietzsche.","og_url":"https:\/\/noticiasdominicanas.com\/?p=19930","og_site_name":"Noticias Dominicanas","article_publisher":"https:\/\/www.facebook.com\/notidominicanas","article_published_time":"2026-05-01T13:50:37+00:00","og_image":[{"width":392,"height":220,"url":"https:\/\/noticiasdominicanas.com\/wp-content\/uploads\/2026\/05\/2.jpg","type":"image\/jpeg"}],"author":"notidom","twitter_card":"summary_large_image","twitter_creator":"@notidominicanas","twitter_site":"@notidominicanas","twitter_misc":{"Escrito por":"notidom","Tiempo de lectura":"4 minutos"},"schema":{"@context":"https:\/\/schema.org","@graph":[{"@type":"Article","@id":"https:\/\/noticiasdominicanas.com\/?p=19930#article","isPartOf":{"@id":"https:\/\/noticiasdominicanas.com\/?p=19930"},"author":{"name":"notidom","@id":"https:\/\/noticiasdominicanas.com\/#\/schema\/person\/ee8e756960e116e1f0612f86172c5831"},"headline":"La \u00e9tica period\u00edstica digital: un reto global en la era de la informaci\u00f3n","datePublished":"2026-05-01T13:50:37+00:00","mainEntityOfPage":{"@id":"https:\/\/noticiasdominicanas.com\/?p=19930"},"wordCount":711,"publisher":{"@id":"https:\/\/noticiasdominicanas.com\/#organization"},"image":{"@id":"https:\/\/noticiasdominicanas.com\/?p=19930#primaryimage"},"thumbnailUrl":"https:\/\/i0.wp.com\/noticiasdominicanas.com\/wp-content\/uploads\/2026\/05\/2.jpg?fit=392%2C220&ssl=1","keywords":["Opini\u00f3n Dr. Amin Cruz","Periodismo digital."],"articleSection":["Opini\u00f3n"],"inLanguage":"es"},{"@type":"WebPage","@id":"https:\/\/noticiasdominicanas.com\/?p=19930","url":"https:\/\/noticiasdominicanas.com\/?p=19930","name":"La \u00e9tica period\u00edstica digital: un reto global en la era de la informaci\u00f3n - Noticias Dominicanas","isPartOf":{"@id":"https:\/\/noticiasdominicanas.com\/#website"},"primaryImageOfPage":{"@id":"https:\/\/noticiasdominicanas.com\/?p=19930#primaryimage"},"image":{"@id":"https:\/\/noticiasdominicanas.com\/?p=19930#primaryimage"},"thumbnailUrl":"https:\/\/i0.wp.com\/noticiasdominicanas.com\/wp-content\/uploads\/2026\/05\/2.jpg?fit=392%2C220&ssl=1","datePublished":"2026-05-01T13:50:37+00:00","description":"\u201cLa libertad es el derecho de todo ser humano a ser honesto consigo mismo\u201d, Friedrich Nietzsche.","breadcrumb":{"@id":"https:\/\/noticiasdominicanas.com\/?p=19930#breadcrumb"},"inLanguage":"es","potentialAction":[{"@type":"ReadAction","target":["https:\/\/noticiasdominicanas.com\/?p=19930"]}]},{"@type":"ImageObject","inLanguage":"es","@id":"https:\/\/noticiasdominicanas.com\/?p=19930#primaryimage","url":"https:\/\/i0.wp.com\/noticiasdominicanas.com\/wp-content\/uploads\/2026\/05\/2.jpg?fit=392%2C220&ssl=1","contentUrl":"https:\/\/i0.wp.com\/noticiasdominicanas.com\/wp-content\/uploads\/2026\/05\/2.jpg?fit=392%2C220&ssl=1","width":392,"height":220},{"@type":"BreadcrumbList","@id":"https:\/\/noticiasdominicanas.com\/?p=19930#breadcrumb","itemListElement":[{"@type":"ListItem","position":1,"name":"Home","item":"https:\/\/noticiasdominicanas.com\/"},{"@type":"ListItem","position":2,"name":"La \u00e9tica period\u00edstica digital: un reto global en la era de la informaci\u00f3n"}]},{"@type":"WebSite","@id":"https:\/\/noticiasdominicanas.com\/#website","url":"https:\/\/noticiasdominicanas.com\/","name":"Noticias Dominicanas","description":"Noticias y opiniones desde Rep\u00fablica Dominicana","publisher":{"@id":"https:\/\/noticiasdominicanas.com\/#organization"},"potentialAction":[{"@type":"SearchAction","target":{"@type":"EntryPoint","urlTemplate":"https:\/\/noticiasdominicanas.com\/?s={search_term_string}"},"query-input":{"@type":"PropertyValueSpecification","valueRequired":true,"valueName":"search_term_string"}}],"inLanguage":"es"},{"@type":"Organization","@id":"https:\/\/noticiasdominicanas.com\/#organization","name":"Noticias Dominicanas","url":"https:\/\/noticiasdominicanas.com\/","logo":{"@type":"ImageObject","inLanguage":"es","@id":"https:\/\/noticiasdominicanas.com\/#\/schema\/logo\/image\/","url":"https:\/\/i0.wp.com\/noticiasdominicanas.com\/wp-content\/uploads\/2013\/12\/logo-noticias-dominicanas-web.png?fit=380%2C100&ssl=1","contentUrl":"https:\/\/i0.wp.com\/noticiasdominicanas.com\/wp-content\/uploads\/2013\/12\/logo-noticias-dominicanas-web.png?fit=380%2C100&ssl=1","width":380,"height":100,"caption":"Noticias Dominicanas"},"image":{"@id":"https:\/\/noticiasdominicanas.com\/#\/schema\/logo\/image\/"},"sameAs":["https:\/\/www.facebook.com\/notidominicanas","https:\/\/x.com\/notidominicanas","https:\/\/www.instagram.com\/ndominicanas\/"]},{"@type":"Person","@id":"https:\/\/noticiasdominicanas.com\/#\/schema\/person\/ee8e756960e116e1f0612f86172c5831","name":"notidom","image":{"@type":"ImageObject","inLanguage":"es","@id":"https:\/\/secure.gravatar.com\/avatar\/f184cef738a2e7a54f4d1f52522b7a733332543fce5bbc31311546a99cd995e1?s=96&d=mm&r=g","url":"https:\/\/secure.gravatar.com\/avatar\/f184cef738a2e7a54f4d1f52522b7a733332543fce5bbc31311546a99cd995e1?s=96&d=mm&r=g","contentUrl":"https:\/\/secure.gravatar.com\/avatar\/f184cef738a2e7a54f4d1f52522b7a733332543fce5bbc31311546a99cd995e1?s=96&d=mm&r=g","caption":"notidom"},"url":"https:\/\/noticiasdominicanas.com\/?author=1"}]}},"jetpack_featured_media_url":"https:\/\/i0.wp.com\/noticiasdominicanas.com\/wp-content\/uploads\/2026\/05\/2.jpg?fit=392%2C220&ssl=1","jetpack_sharing_enabled":true,"_links":{"self":[{"href":"https:\/\/noticiasdominicanas.com\/index.php?rest_route=\/wp\/v2\/posts\/19930","targetHints":{"allow":["GET"]}}],"collection":[{"href":"https:\/\/noticiasdominicanas.com\/index.php?rest_route=\/wp\/v2\/posts"}],"about":[{"href":"https:\/\/noticiasdominicanas.com\/index.php?rest_route=\/wp\/v2\/types\/post"}],"author":[{"embeddable":true,"href":"https:\/\/noticiasdominicanas.com\/index.php?rest_route=\/wp\/v2\/users\/1"}],"replies":[{"embeddable":true,"href":"https:\/\/noticiasdominicanas.com\/index.php?rest_route=%2Fwp%2Fv2%2Fcomments&post=19930"}],"version-history":[{"count":1,"href":"https:\/\/noticiasdominicanas.com\/index.php?rest_route=\/wp\/v2\/posts\/19930\/revisions"}],"predecessor-version":[{"id":19932,"href":"https:\/\/noticiasdominicanas.com\/index.php?rest_route=\/wp\/v2\/posts\/19930\/revisions\/19932"}],"wp:featuredmedia":[{"embeddable":true,"href":"https:\/\/noticiasdominicanas.com\/index.php?rest_route=\/wp\/v2\/media\/19931"}],"wp:attachment":[{"href":"https:\/\/noticiasdominicanas.com\/index.php?rest_route=%2Fwp%2Fv2%2Fmedia&parent=19930"}],"wp:term":[{"taxonomy":"category","embeddable":true,"href":"https:\/\/noticiasdominicanas.com\/index.php?rest_route=%2Fwp%2Fv2%2Fcategories&post=19930"},{"taxonomy":"post_tag","embeddable":true,"href":"https:\/\/noticiasdominicanas.com\/index.php?rest_route=%2Fwp%2Fv2%2Ftags&post=19930"}],"curies":[{"name":"wp","href":"https:\/\/api.w.org\/{rel}","templated":true}]}}