{"id":19924,"date":"2026-05-01T09:39:43","date_gmt":"2026-05-01T13:39:43","guid":{"rendered":"https:\/\/noticiasdominicanas.com\/?p=19924"},"modified":"2026-05-01T09:45:59","modified_gmt":"2026-05-01T13:45:59","slug":"valle-nuevo-cuando-lo-publico-empieza-a-sentirse-privado","status":"publish","type":"post","link":"https:\/\/noticiasdominicanas.com\/?p=19924","title":{"rendered":"Valle Nuevo: cuando lo p\u00fablico empieza a sentirse privado"},"content":{"rendered":"<blockquote><p><strong>Por Anthony Almonte<\/strong><\/p>\n<p>Lo que est\u00e1 pasando en el Parque Nacional Valle Nuevo no es solo un tema ambiental, tambi\u00e9n es un tema de acceso y de derechos.<\/p><\/blockquote>\n<p>Seg\u00fan el Ministerio de Medio Ambiente, el parque no ha sido privatizado. Sostienen que sigue siendo un espacio p\u00fablico, al que cualquier persona puede entrar pagando RD$150, y que el cobro por acampar solo aplica en una zona espec\u00edfica, el Jard\u00edn del Ed\u00e9n, como parte de un modelo para organizar y proteger el lugar. En el discurso oficial, se trata de cuidar la naturaleza y mejorar la experiencia de los visitantes.<\/p>\n<p>Sin embargo, cuando uno mira lo que est\u00e1 pasando en la pr\u00e1ctica, la realidad se siente diferente. Hoy acampar en Valle Nuevo implica pagar RD$600 por persona si llevas tu propio equipo, o entre RD$4,250 y RD$8,000 si decides alquilar una casa de campa\u00f1a. Adem\u00e1s, es obligatorio hacer una reserva por internet, ya no existe el camping libre y hay reglas estrictas sobre el uso del espacio: control de visitantes, nada de m\u00fasica alta, fogatas solo en \u00e1reas permitidas, entre otras limitaciones.<\/p>\n<p>Ah\u00ed es donde surge la preocupaci\u00f3n. En teor\u00eda, el parque sigue siendo p\u00fablico, pero en la pr\u00e1ctica su uso est\u00e1 cada vez m\u00e1s condicionado por el dinero y por normas que responden a una gesti\u00f3n privada. Esto cambia la forma en que la gente se relaciona con un espacio que deber\u00eda ser de todos.<\/p>\n<p>Los parques nacionales no son propiedad de empresas. Son bienes colectivos, sostenidos con los impuestos de la poblaci\u00f3n, y su cuidado le corresponde al Estado, a trav\u00e9s de instituciones como Medio Ambiente y los guardaparques. Cuando el acceso a la naturaleza empieza a depender de la capacidad de pago, deja de ser un derecho igual para todos. No todo el mundo puede pagar RD$600, y mucho menos miles de pesos por una experiencia que antes era m\u00e1s accesible.<\/p>\n<p>Puede que esto no sea una privatizaci\u00f3n en t\u00e9rminos legales, pero en la vida cotidiana se siente como una. Poco a poco, lo p\u00fablico comienza a funcionar con l\u00f3gicas de lo privado, donde el acceso ya no es tan libre como antes.<\/p>\n<p>Es cierto que hab\u00eda problemas que hab\u00eda que corregir: el desorden, la basura, el exceso de visitantes. Pero la soluci\u00f3n no puede ser trasladar el acceso a un modelo donde solo algunos pueden disfrutar plenamente del espacio. El Estado no puede dejar de asumir su responsabilidad ni delegar progresivamente lo p\u00fablico a intereses privados.<\/p>\n<p>Hoy es Valle Nuevo. Ma\u00f1ana pueden ser otros parques, playas o monta\u00f1as. Por eso es importante poner atenci\u00f3n y abrir el debate.<\/p>\n<p>Porque al final, la pregunta es sencilla: \u00bflos espacios p\u00fablicos seguir\u00e1n siendo de todos, o solo de quienes pueden pagarlos?<\/p>\n<p>&nbsp;<\/p>\n<p><strong>Fuentes<\/strong><\/p>\n<p>Andariego DO. (2026). <em>Fuimos al lugar donde grabamos el PRIMER VIDEO Feat. Kiskeya Life (15 a\u00f1os despu\u00e9s)<\/em>.<br \/>\nDisponible en: <a href=\"https:\/\/www.youtube.com\/watch?v=Y7YnOeBpxBo\">https:\/\/www.youtube.com\/watch?v=Y7YnOeBpxBo<\/a><\/p>\n<p>Redacci\u00f3n List\u00edn Diario. (2026, abril 29). <em>Medio Ambiente asegura Valle Nuevo no ha sido privatizado; dice pago por acampar solo aplica en Jard\u00edn del Ed\u00e9n<\/em>. Santo Domingo, RD.<br \/>\nDisponible en: <a href=\"https:\/\/listindiario.com\/la-republica\/gobierno\/20260429\/medio-ambiente-asegura-valle-nuevo-sido-privatizado-dice-pago-acampar-aplica-jardin-eden_903844.html\">https:\/\/listindiario.com\/la-republica\/gobierno\/20260429\/medio-ambiente-asegura-valle-nuevo-sido-privatizado-dice-pago-acampar-aplica-jardin-eden_903844.html<\/a><\/p>\n<p>&nbsp;<\/p>\n","protected":false},"excerpt":{"rendered":"<p>Lo que est\u00e1 pasando en el Parque Nacional Valle Nuevo no es solo un tema ambiental, tambi\u00e9n es un tema de acceso y de derechos.<\/p>\n","protected":false},"author":1,"featured_media":19925,"comment_status":"closed","ping_status":"closed","sticky":false,"template":"","format":"standard","meta":{"_jetpack_memberships_contains_paid_content":false,"footnotes":""},"categories":[21,8],"tags":[1355],"class_list":["post-19924","post","type-post","status-publish","format-standard","has-post-thumbnail","hentry","category-medio-ambiente","category-opinion","tag-parque-nacional-valle-nuevo"],"yoast_head":"<!-- This site is optimized with the Yoast SEO plugin v27.5 - https:\/\/yoast.com\/product\/yoast-seo-wordpress\/ -->\n<title>Valle Nuevo: cuando lo p\u00fablico empieza a sentirse privado - Noticias Dominicanas<\/title>\n<meta name=\"description\" content=\"Lo que est\u00e1 pasando en el Parque Nacional Valle Nuevo no es solo un tema ambiental, tambi\u00e9n es un tema de acceso y de derechos.\" \/>\n<meta name=\"robots\" content=\"index, follow, max-snippet:-1, max-image-preview:large, max-video-preview:-1\" \/>\n<link rel=\"canonical\" href=\"https:\/\/noticiasdominicanas.com\/?p=19924\" \/>\n<meta property=\"og:locale\" content=\"es_ES\" \/>\n<meta property=\"og:type\" content=\"article\" \/>\n<meta property=\"og:title\" content=\"Valle Nuevo: cuando lo p\u00fablico empieza a sentirse privado - Noticias Dominicanas\" \/>\n<meta property=\"og:description\" content=\"Lo que est\u00e1 pasando en el Parque Nacional Valle Nuevo no es solo un tema ambiental, tambi\u00e9n es un tema de acceso y de derechos.\" \/>\n<meta property=\"og:url\" content=\"https:\/\/noticiasdominicanas.com\/?p=19924\" \/>\n<meta property=\"og:site_name\" content=\"Noticias Dominicanas\" \/>\n<meta property=\"article:publisher\" content=\"https:\/\/www.facebook.com\/notidominicanas\" \/>\n<meta property=\"article:published_time\" content=\"2026-05-01T13:39:43+00:00\" \/>\n<meta property=\"article:modified_time\" content=\"2026-05-01T13:45:59+00:00\" \/>\n<meta property=\"og:image\" content=\"https:\/\/noticiasdominicanas.com\/wp-content\/uploads\/2026\/05\/images.jpeg\" \/>\n\t<meta property=\"og:image:width\" content=\"279\" \/>\n\t<meta property=\"og:image:height\" content=\"181\" \/>\n\t<meta property=\"og:image:type\" content=\"image\/jpeg\" \/>\n<meta name=\"author\" content=\"notidom\" \/>\n<meta name=\"twitter:card\" content=\"summary_large_image\" \/>\n<meta name=\"twitter:creator\" content=\"@notidominicanas\" \/>\n<meta name=\"twitter:site\" content=\"@notidominicanas\" \/>\n<meta name=\"twitter:label1\" content=\"Escrito por\" \/>\n\t<meta name=\"twitter:data1\" content=\"notidom\" \/>\n\t<meta name=\"twitter:label2\" content=\"Tiempo de lectura\" \/>\n\t<meta name=\"twitter:data2\" content=\"3 minutos\" \/>\n<script type=\"application\/ld+json\" class=\"yoast-schema-graph\">{\"@context\":\"https:\\\/\\\/schema.org\",\"@graph\":[{\"@type\":\"Article\",\"@id\":\"https:\\\/\\\/noticiasdominicanas.com\\\/?p=19924#article\",\"isPartOf\":{\"@id\":\"https:\\\/\\\/noticiasdominicanas.com\\\/?p=19924\"},\"author\":{\"name\":\"notidom\",\"@id\":\"https:\\\/\\\/noticiasdominicanas.com\\\/#\\\/schema\\\/person\\\/ee8e756960e116e1f0612f86172c5831\"},\"headline\":\"Valle Nuevo: cuando lo p\u00fablico empieza a sentirse privado\",\"datePublished\":\"2026-05-01T13:39:43+00:00\",\"dateModified\":\"2026-05-01T13:45:59+00:00\",\"mainEntityOfPage\":{\"@id\":\"https:\\\/\\\/noticiasdominicanas.com\\\/?p=19924\"},\"wordCount\":563,\"publisher\":{\"@id\":\"https:\\\/\\\/noticiasdominicanas.com\\\/#organization\"},\"image\":{\"@id\":\"https:\\\/\\\/noticiasdominicanas.com\\\/?p=19924#primaryimage\"},\"thumbnailUrl\":\"https:\\\/\\\/i0.wp.com\\\/noticiasdominicanas.com\\\/wp-content\\\/uploads\\\/2026\\\/05\\\/images.jpeg?fit=279%2C181&ssl=1\",\"keywords\":[\"Parque Nacional valle Nuevo\"],\"articleSection\":[\"Medio Ambiente\",\"Opini\u00f3n\"],\"inLanguage\":\"es\"},{\"@type\":\"WebPage\",\"@id\":\"https:\\\/\\\/noticiasdominicanas.com\\\/?p=19924\",\"url\":\"https:\\\/\\\/noticiasdominicanas.com\\\/?p=19924\",\"name\":\"Valle Nuevo: cuando lo p\u00fablico empieza a sentirse privado - Noticias Dominicanas\",\"isPartOf\":{\"@id\":\"https:\\\/\\\/noticiasdominicanas.com\\\/#website\"},\"primaryImageOfPage\":{\"@id\":\"https:\\\/\\\/noticiasdominicanas.com\\\/?p=19924#primaryimage\"},\"image\":{\"@id\":\"https:\\\/\\\/noticiasdominicanas.com\\\/?p=19924#primaryimage\"},\"thumbnailUrl\":\"https:\\\/\\\/i0.wp.com\\\/noticiasdominicanas.com\\\/wp-content\\\/uploads\\\/2026\\\/05\\\/images.jpeg?fit=279%2C181&ssl=1\",\"datePublished\":\"2026-05-01T13:39:43+00:00\",\"dateModified\":\"2026-05-01T13:45:59+00:00\",\"description\":\"Lo que est\u00e1 pasando en el Parque Nacional Valle Nuevo no es solo un tema ambiental, tambi\u00e9n es un tema de acceso y de derechos.\",\"breadcrumb\":{\"@id\":\"https:\\\/\\\/noticiasdominicanas.com\\\/?p=19924#breadcrumb\"},\"inLanguage\":\"es\",\"potentialAction\":[{\"@type\":\"ReadAction\",\"target\":[\"https:\\\/\\\/noticiasdominicanas.com\\\/?p=19924\"]}]},{\"@type\":\"ImageObject\",\"inLanguage\":\"es\",\"@id\":\"https:\\\/\\\/noticiasdominicanas.com\\\/?p=19924#primaryimage\",\"url\":\"https:\\\/\\\/i0.wp.com\\\/noticiasdominicanas.com\\\/wp-content\\\/uploads\\\/2026\\\/05\\\/images.jpeg?fit=279%2C181&ssl=1\",\"contentUrl\":\"https:\\\/\\\/i0.wp.com\\\/noticiasdominicanas.com\\\/wp-content\\\/uploads\\\/2026\\\/05\\\/images.jpeg?fit=279%2C181&ssl=1\",\"width\":279,\"height\":181},{\"@type\":\"BreadcrumbList\",\"@id\":\"https:\\\/\\\/noticiasdominicanas.com\\\/?p=19924#breadcrumb\",\"itemListElement\":[{\"@type\":\"ListItem\",\"position\":1,\"name\":\"Home\",\"item\":\"https:\\\/\\\/noticiasdominicanas.com\\\/\"},{\"@type\":\"ListItem\",\"position\":2,\"name\":\"Valle Nuevo: cuando lo p\u00fablico empieza a sentirse privado\"}]},{\"@type\":\"WebSite\",\"@id\":\"https:\\\/\\\/noticiasdominicanas.com\\\/#website\",\"url\":\"https:\\\/\\\/noticiasdominicanas.com\\\/\",\"name\":\"Noticias Dominicanas\",\"description\":\"Noticias y opiniones desde Rep\u00fablica Dominicana\",\"publisher\":{\"@id\":\"https:\\\/\\\/noticiasdominicanas.com\\\/#organization\"},\"potentialAction\":[{\"@type\":\"SearchAction\",\"target\":{\"@type\":\"EntryPoint\",\"urlTemplate\":\"https:\\\/\\\/noticiasdominicanas.com\\\/?s={search_term_string}\"},\"query-input\":{\"@type\":\"PropertyValueSpecification\",\"valueRequired\":true,\"valueName\":\"search_term_string\"}}],\"inLanguage\":\"es\"},{\"@type\":\"Organization\",\"@id\":\"https:\\\/\\\/noticiasdominicanas.com\\\/#organization\",\"name\":\"Noticias Dominicanas\",\"url\":\"https:\\\/\\\/noticiasdominicanas.com\\\/\",\"logo\":{\"@type\":\"ImageObject\",\"inLanguage\":\"es\",\"@id\":\"https:\\\/\\\/noticiasdominicanas.com\\\/#\\\/schema\\\/logo\\\/image\\\/\",\"url\":\"https:\\\/\\\/i0.wp.com\\\/noticiasdominicanas.com\\\/wp-content\\\/uploads\\\/2013\\\/12\\\/logo-noticias-dominicanas-web.png?fit=380%2C100&ssl=1\",\"contentUrl\":\"https:\\\/\\\/i0.wp.com\\\/noticiasdominicanas.com\\\/wp-content\\\/uploads\\\/2013\\\/12\\\/logo-noticias-dominicanas-web.png?fit=380%2C100&ssl=1\",\"width\":380,\"height\":100,\"caption\":\"Noticias Dominicanas\"},\"image\":{\"@id\":\"https:\\\/\\\/noticiasdominicanas.com\\\/#\\\/schema\\\/logo\\\/image\\\/\"},\"sameAs\":[\"https:\\\/\\\/www.facebook.com\\\/notidominicanas\",\"https:\\\/\\\/x.com\\\/notidominicanas\",\"https:\\\/\\\/www.instagram.com\\\/ndominicanas\\\/\"]},{\"@type\":\"Person\",\"@id\":\"https:\\\/\\\/noticiasdominicanas.com\\\/#\\\/schema\\\/person\\\/ee8e756960e116e1f0612f86172c5831\",\"name\":\"notidom\",\"image\":{\"@type\":\"ImageObject\",\"inLanguage\":\"es\",\"@id\":\"https:\\\/\\\/secure.gravatar.com\\\/avatar\\\/f184cef738a2e7a54f4d1f52522b7a733332543fce5bbc31311546a99cd995e1?s=96&d=mm&r=g\",\"url\":\"https:\\\/\\\/secure.gravatar.com\\\/avatar\\\/f184cef738a2e7a54f4d1f52522b7a733332543fce5bbc31311546a99cd995e1?s=96&d=mm&r=g\",\"contentUrl\":\"https:\\\/\\\/secure.gravatar.com\\\/avatar\\\/f184cef738a2e7a54f4d1f52522b7a733332543fce5bbc31311546a99cd995e1?s=96&d=mm&r=g\",\"caption\":\"notidom\"},\"url\":\"https:\\\/\\\/noticiasdominicanas.com\\\/?author=1\"}]}<\/script>\n<!-- \/ Yoast SEO plugin. -->","yoast_head_json":{"title":"Valle Nuevo: cuando lo p\u00fablico empieza a sentirse privado - Noticias Dominicanas","description":"Lo que est\u00e1 pasando en el Parque Nacional Valle Nuevo no es solo un tema ambiental, tambi\u00e9n es un tema de acceso y de derechos.","robots":{"index":"index","follow":"follow","max-snippet":"max-snippet:-1","max-image-preview":"max-image-preview:large","max-video-preview":"max-video-preview:-1"},"canonical":"https:\/\/noticiasdominicanas.com\/?p=19924","og_locale":"es_ES","og_type":"article","og_title":"Valle Nuevo: cuando lo p\u00fablico empieza a sentirse privado - Noticias Dominicanas","og_description":"Lo que est\u00e1 pasando en el Parque Nacional Valle Nuevo no es solo un tema ambiental, tambi\u00e9n es un tema de acceso y de derechos.","og_url":"https:\/\/noticiasdominicanas.com\/?p=19924","og_site_name":"Noticias Dominicanas","article_publisher":"https:\/\/www.facebook.com\/notidominicanas","article_published_time":"2026-05-01T13:39:43+00:00","article_modified_time":"2026-05-01T13:45:59+00:00","og_image":[{"width":279,"height":181,"url":"https:\/\/noticiasdominicanas.com\/wp-content\/uploads\/2026\/05\/images.jpeg","type":"image\/jpeg"}],"author":"notidom","twitter_card":"summary_large_image","twitter_creator":"@notidominicanas","twitter_site":"@notidominicanas","twitter_misc":{"Escrito por":"notidom","Tiempo de lectura":"3 minutos"},"schema":{"@context":"https:\/\/schema.org","@graph":[{"@type":"Article","@id":"https:\/\/noticiasdominicanas.com\/?p=19924#article","isPartOf":{"@id":"https:\/\/noticiasdominicanas.com\/?p=19924"},"author":{"name":"notidom","@id":"https:\/\/noticiasdominicanas.com\/#\/schema\/person\/ee8e756960e116e1f0612f86172c5831"},"headline":"Valle Nuevo: cuando lo p\u00fablico empieza a sentirse privado","datePublished":"2026-05-01T13:39:43+00:00","dateModified":"2026-05-01T13:45:59+00:00","mainEntityOfPage":{"@id":"https:\/\/noticiasdominicanas.com\/?p=19924"},"wordCount":563,"publisher":{"@id":"https:\/\/noticiasdominicanas.com\/#organization"},"image":{"@id":"https:\/\/noticiasdominicanas.com\/?p=19924#primaryimage"},"thumbnailUrl":"https:\/\/i0.wp.com\/noticiasdominicanas.com\/wp-content\/uploads\/2026\/05\/images.jpeg?fit=279%2C181&ssl=1","keywords":["Parque Nacional valle Nuevo"],"articleSection":["Medio Ambiente","Opini\u00f3n"],"inLanguage":"es"},{"@type":"WebPage","@id":"https:\/\/noticiasdominicanas.com\/?p=19924","url":"https:\/\/noticiasdominicanas.com\/?p=19924","name":"Valle Nuevo: cuando lo p\u00fablico empieza a sentirse privado - Noticias Dominicanas","isPartOf":{"@id":"https:\/\/noticiasdominicanas.com\/#website"},"primaryImageOfPage":{"@id":"https:\/\/noticiasdominicanas.com\/?p=19924#primaryimage"},"image":{"@id":"https:\/\/noticiasdominicanas.com\/?p=19924#primaryimage"},"thumbnailUrl":"https:\/\/i0.wp.com\/noticiasdominicanas.com\/wp-content\/uploads\/2026\/05\/images.jpeg?fit=279%2C181&ssl=1","datePublished":"2026-05-01T13:39:43+00:00","dateModified":"2026-05-01T13:45:59+00:00","description":"Lo que est\u00e1 pasando en el Parque Nacional Valle Nuevo no es solo un tema ambiental, tambi\u00e9n es un tema de acceso y de derechos.","breadcrumb":{"@id":"https:\/\/noticiasdominicanas.com\/?p=19924#breadcrumb"},"inLanguage":"es","potentialAction":[{"@type":"ReadAction","target":["https:\/\/noticiasdominicanas.com\/?p=19924"]}]},{"@type":"ImageObject","inLanguage":"es","@id":"https:\/\/noticiasdominicanas.com\/?p=19924#primaryimage","url":"https:\/\/i0.wp.com\/noticiasdominicanas.com\/wp-content\/uploads\/2026\/05\/images.jpeg?fit=279%2C181&ssl=1","contentUrl":"https:\/\/i0.wp.com\/noticiasdominicanas.com\/wp-content\/uploads\/2026\/05\/images.jpeg?fit=279%2C181&ssl=1","width":279,"height":181},{"@type":"BreadcrumbList","@id":"https:\/\/noticiasdominicanas.com\/?p=19924#breadcrumb","itemListElement":[{"@type":"ListItem","position":1,"name":"Home","item":"https:\/\/noticiasdominicanas.com\/"},{"@type":"ListItem","position":2,"name":"Valle Nuevo: cuando lo p\u00fablico empieza a sentirse privado"}]},{"@type":"WebSite","@id":"https:\/\/noticiasdominicanas.com\/#website","url":"https:\/\/noticiasdominicanas.com\/","name":"Noticias Dominicanas","description":"Noticias y opiniones desde Rep\u00fablica Dominicana","publisher":{"@id":"https:\/\/noticiasdominicanas.com\/#organization"},"potentialAction":[{"@type":"SearchAction","target":{"@type":"EntryPoint","urlTemplate":"https:\/\/noticiasdominicanas.com\/?s={search_term_string}"},"query-input":{"@type":"PropertyValueSpecification","valueRequired":true,"valueName":"search_term_string"}}],"inLanguage":"es"},{"@type":"Organization","@id":"https:\/\/noticiasdominicanas.com\/#organization","name":"Noticias Dominicanas","url":"https:\/\/noticiasdominicanas.com\/","logo":{"@type":"ImageObject","inLanguage":"es","@id":"https:\/\/noticiasdominicanas.com\/#\/schema\/logo\/image\/","url":"https:\/\/i0.wp.com\/noticiasdominicanas.com\/wp-content\/uploads\/2013\/12\/logo-noticias-dominicanas-web.png?fit=380%2C100&ssl=1","contentUrl":"https:\/\/i0.wp.com\/noticiasdominicanas.com\/wp-content\/uploads\/2013\/12\/logo-noticias-dominicanas-web.png?fit=380%2C100&ssl=1","width":380,"height":100,"caption":"Noticias Dominicanas"},"image":{"@id":"https:\/\/noticiasdominicanas.com\/#\/schema\/logo\/image\/"},"sameAs":["https:\/\/www.facebook.com\/notidominicanas","https:\/\/x.com\/notidominicanas","https:\/\/www.instagram.com\/ndominicanas\/"]},{"@type":"Person","@id":"https:\/\/noticiasdominicanas.com\/#\/schema\/person\/ee8e756960e116e1f0612f86172c5831","name":"notidom","image":{"@type":"ImageObject","inLanguage":"es","@id":"https:\/\/secure.gravatar.com\/avatar\/f184cef738a2e7a54f4d1f52522b7a733332543fce5bbc31311546a99cd995e1?s=96&d=mm&r=g","url":"https:\/\/secure.gravatar.com\/avatar\/f184cef738a2e7a54f4d1f52522b7a733332543fce5bbc31311546a99cd995e1?s=96&d=mm&r=g","contentUrl":"https:\/\/secure.gravatar.com\/avatar\/f184cef738a2e7a54f4d1f52522b7a733332543fce5bbc31311546a99cd995e1?s=96&d=mm&r=g","caption":"notidom"},"url":"https:\/\/noticiasdominicanas.com\/?author=1"}]}},"jetpack_featured_media_url":"https:\/\/i0.wp.com\/noticiasdominicanas.com\/wp-content\/uploads\/2026\/05\/images.jpeg?fit=279%2C181&ssl=1","jetpack_sharing_enabled":true,"_links":{"self":[{"href":"https:\/\/noticiasdominicanas.com\/index.php?rest_route=\/wp\/v2\/posts\/19924","targetHints":{"allow":["GET"]}}],"collection":[{"href":"https:\/\/noticiasdominicanas.com\/index.php?rest_route=\/wp\/v2\/posts"}],"about":[{"href":"https:\/\/noticiasdominicanas.com\/index.php?rest_route=\/wp\/v2\/types\/post"}],"author":[{"embeddable":true,"href":"https:\/\/noticiasdominicanas.com\/index.php?rest_route=\/wp\/v2\/users\/1"}],"replies":[{"embeddable":true,"href":"https:\/\/noticiasdominicanas.com\/index.php?rest_route=%2Fwp%2Fv2%2Fcomments&post=19924"}],"version-history":[{"count":3,"href":"https:\/\/noticiasdominicanas.com\/index.php?rest_route=\/wp\/v2\/posts\/19924\/revisions"}],"predecessor-version":[{"id":19928,"href":"https:\/\/noticiasdominicanas.com\/index.php?rest_route=\/wp\/v2\/posts\/19924\/revisions\/19928"}],"wp:featuredmedia":[{"embeddable":true,"href":"https:\/\/noticiasdominicanas.com\/index.php?rest_route=\/wp\/v2\/media\/19925"}],"wp:attachment":[{"href":"https:\/\/noticiasdominicanas.com\/index.php?rest_route=%2Fwp%2Fv2%2Fmedia&parent=19924"}],"wp:term":[{"taxonomy":"category","embeddable":true,"href":"https:\/\/noticiasdominicanas.com\/index.php?rest_route=%2Fwp%2Fv2%2Fcategories&post=19924"},{"taxonomy":"post_tag","embeddable":true,"href":"https:\/\/noticiasdominicanas.com\/index.php?rest_route=%2Fwp%2Fv2%2Ftags&post=19924"}],"curies":[{"name":"wp","href":"https:\/\/api.w.org\/{rel}","templated":true}]}}