{"id":19920,"date":"2026-04-30T19:09:20","date_gmt":"2026-04-30T23:09:20","guid":{"rendered":"https:\/\/noticiasdominicanas.com\/?p=19920"},"modified":"2026-04-30T19:09:33","modified_gmt":"2026-04-30T23:09:33","slug":"udesa-anuncia-xvii-gran-gala-anual-premios-infantil-y-juvenil-rafael-panchon-tejada","status":"publish","type":"post","link":"https:\/\/noticiasdominicanas.com\/?p=19920","title":{"rendered":"UDESA anuncia XVII Gran Gala Anual Premios Infantil y Juvenil Rafael -Panch\u00f3n- Tejada"},"content":{"rendered":"<p><b><span lang=\"ES-DO\">SANTIAGO DE LOS CABALLEROS, Santiago, Rep\u00fablica Dominicana (30-04-2026).-\u00a0<\/span><\/b><span lang=\"ES-DO\">L<\/span><span lang=\"ES-DO\">a Uni\u00f3n Deportiva de Santiago, Inc. (UDESA), anunci\u00f3 para el martes 12 de mayo de este 2026 desde las 6:30pm la XVII Gran Gala Anual Premios Infantil y Juvenil Rafael -Panch\u00f3n- Tejada, teniendo como escenario el Sal\u00f3n Juan Pablo Duarte, de la Alcald\u00eda de Santiago.<\/span><\/p>\n<p><span lang=\"ES-DO\">La presidenta de esa instituci\u00f3n, Margarita J\u00e1quez, quien ofreci\u00f3 la informaci\u00f3n, apunt\u00f3 que, ser\u00e1n galardonados 76 atletas, masculinos y femeninos, as\u00ed como la asociaci\u00f3n m\u00e1s destacada del 2025 y el entrenador del a\u00f1o.<\/span><\/p>\n<p><span lang=\"ES-DO\">Agreg\u00f3 que: \u201cUn total de 23 asociaciones afiliadas a UDESA participar\u00e1n en esta premiaci\u00f3n, reconociendo a sus atletas m\u00e1s sobresalientes, entre las disciplinas representadas se encuentran, ajedrez, arte y cultura, atletismo, balonmano, boxeo, ciclismo, deportes especiales, f\u00fatbol, gimnasia, hockey sobre c\u00e9sped, judo, karate, kickboxing, lucha ol\u00edmpica, nataci\u00f3n, patinaje, sambo, taekwondo, tenis de campo, tenis de mesa, tiro con arco y voleibol\u201d.<\/span><\/p>\n<p><span lang=\"ES-DO\">Ser\u00e1n 76 atletas galardonados, mientras que, 15 entrenadores y la misma cantidad de asociaciones han sido postuladas para optar por los reconocimientos de entrenador y asociaci\u00f3n del a\u00f1o 2025.<\/span><\/p>\n<p><span lang=\"ES-DO\">Destacando oficialmente la presencia del alcalde de Santiago, Ulises Rodr\u00edguez, anunci\u00f3 que, entre otras personalidades, fue invitado el ministro de deportes, Kelvin Cruz, repiti\u00f3 que, la actividad se llevar\u00e1 a cabo en el Sal\u00f3n Juan Pablo Duarte de la Alcald\u00eda de Santiago, escenario que reunir\u00e1 a autoridades deportivas, dirigentes, entrenadores, atletas y familiares, en una jornada dedicada a exaltar el deporte y sus protagonistas.<\/span><\/p>\n<p><span lang=\"ES-DO\">Este evento reafirma el compromiso de UDESA con el desarrollo deportivo y la promoci\u00f3n de valores como la disciplina y la excelencia en la juventud santiaguera.<\/span><\/p>\n","protected":false},"excerpt":{"rendered":"<p>La presidenta de esa instituci\u00f3n, Margarita J\u00e1quez, quien ofreci\u00f3 la informaci\u00f3n, apunt\u00f3 que, ser\u00e1n galardonados 76 atletas, masculinos y femeninos, as\u00ed como la asociaci\u00f3n m\u00e1s destacada del 2025 y el entrenador del a\u00f1o.<\/p>\n","protected":false},"author":1,"featured_media":19921,"comment_status":"closed","ping_status":"closed","sticky":false,"template":"","format":"standard","meta":{"_jetpack_memberships_contains_paid_content":false,"footnotes":""},"categories":[6],"tags":[2873],"class_list":["post-19920","post","type-post","status-publish","format-standard","has-post-thumbnail","hentry","category-deportes","tag-udesa"],"yoast_head":"<!-- This site is optimized with the Yoast SEO plugin v27.5 - https:\/\/yoast.com\/product\/yoast-seo-wordpress\/ -->\n<title>UDESA anuncia XVII Gran Gala Anual Premios Infantil y Juvenil Rafael -Panch\u00f3n- Tejada - Noticias Dominicanas<\/title>\n<meta name=\"description\" content=\"La presidenta de esa instituci\u00f3n, Margarita J\u00e1quez, quien ofreci\u00f3 la informaci\u00f3n, apunt\u00f3 que, ser\u00e1n galardonados 76 atletas, masculinos y femeninos, as\u00ed como la asociaci\u00f3n m\u00e1s destacada del 2025 y el entrenador del a\u00f1o.\" \/>\n<meta name=\"robots\" content=\"index, follow, max-snippet:-1, max-image-preview:large, max-video-preview:-1\" \/>\n<link rel=\"canonical\" href=\"https:\/\/noticiasdominicanas.com\/?p=19920\" \/>\n<meta property=\"og:locale\" content=\"es_ES\" \/>\n<meta property=\"og:type\" content=\"article\" \/>\n<meta property=\"og:title\" content=\"UDESA anuncia XVII Gran Gala Anual Premios Infantil y Juvenil Rafael -Panch\u00f3n- Tejada - Noticias Dominicanas\" \/>\n<meta property=\"og:description\" content=\"La presidenta de esa instituci\u00f3n, Margarita J\u00e1quez, quien ofreci\u00f3 la informaci\u00f3n, apunt\u00f3 que, ser\u00e1n galardonados 76 atletas, masculinos y femeninos, as\u00ed como la asociaci\u00f3n m\u00e1s destacada del 2025 y el entrenador del a\u00f1o.\" \/>\n<meta property=\"og:url\" content=\"https:\/\/noticiasdominicanas.com\/?p=19920\" \/>\n<meta property=\"og:site_name\" content=\"Noticias Dominicanas\" \/>\n<meta property=\"article:publisher\" content=\"https:\/\/www.facebook.com\/notidominicanas\" \/>\n<meta property=\"article:published_time\" content=\"2026-04-30T23:09:20+00:00\" \/>\n<meta property=\"article:modified_time\" content=\"2026-04-30T23:09:33+00:00\" \/>\n<meta property=\"og:image\" content=\"https:\/\/noticiasdominicanas.com\/wp-content\/uploads\/2026\/04\/Premiacion-anual-infantil-y-juvenil-Panchon-Tejada-2025-scaled.jpg\" \/>\n\t<meta property=\"og:image:width\" content=\"2560\" \/>\n\t<meta property=\"og:image:height\" content=\"694\" \/>\n\t<meta property=\"og:image:type\" content=\"image\/jpeg\" \/>\n<meta name=\"author\" content=\"notidom\" \/>\n<meta name=\"twitter:card\" content=\"summary_large_image\" \/>\n<meta name=\"twitter:creator\" content=\"@notidominicanas\" \/>\n<meta name=\"twitter:site\" content=\"@notidominicanas\" \/>\n<meta name=\"twitter:label1\" content=\"Escrito por\" \/>\n\t<meta name=\"twitter:data1\" content=\"notidom\" \/>\n\t<meta name=\"twitter:label2\" content=\"Tiempo de lectura\" \/>\n\t<meta name=\"twitter:data2\" content=\"2 minutos\" \/>\n<script type=\"application\/ld+json\" class=\"yoast-schema-graph\">{\"@context\":\"https:\\\/\\\/schema.org\",\"@graph\":[{\"@type\":\"Article\",\"@id\":\"https:\\\/\\\/noticiasdominicanas.com\\\/?p=19920#article\",\"isPartOf\":{\"@id\":\"https:\\\/\\\/noticiasdominicanas.com\\\/?p=19920\"},\"author\":{\"name\":\"notidom\",\"@id\":\"https:\\\/\\\/noticiasdominicanas.com\\\/#\\\/schema\\\/person\\\/ee8e756960e116e1f0612f86172c5831\"},\"headline\":\"UDESA anuncia XVII Gran Gala Anual Premios Infantil y Juvenil Rafael -Panch\u00f3n- Tejada\",\"datePublished\":\"2026-04-30T23:09:20+00:00\",\"dateModified\":\"2026-04-30T23:09:33+00:00\",\"mainEntityOfPage\":{\"@id\":\"https:\\\/\\\/noticiasdominicanas.com\\\/?p=19920\"},\"wordCount\":301,\"publisher\":{\"@id\":\"https:\\\/\\\/noticiasdominicanas.com\\\/#organization\"},\"image\":{\"@id\":\"https:\\\/\\\/noticiasdominicanas.com\\\/?p=19920#primaryimage\"},\"thumbnailUrl\":\"https:\\\/\\\/i0.wp.com\\\/noticiasdominicanas.com\\\/wp-content\\\/uploads\\\/2026\\\/04\\\/Premiacion-anual-infantil-y-juvenil-Panchon-Tejada-2025-scaled.jpg?fit=2560%2C694&ssl=1\",\"keywords\":[\"UDESA\"],\"articleSection\":[\"Deportes\"],\"inLanguage\":\"es\"},{\"@type\":\"WebPage\",\"@id\":\"https:\\\/\\\/noticiasdominicanas.com\\\/?p=19920\",\"url\":\"https:\\\/\\\/noticiasdominicanas.com\\\/?p=19920\",\"name\":\"UDESA anuncia XVII Gran Gala Anual Premios Infantil y Juvenil Rafael -Panch\u00f3n- Tejada - Noticias Dominicanas\",\"isPartOf\":{\"@id\":\"https:\\\/\\\/noticiasdominicanas.com\\\/#website\"},\"primaryImageOfPage\":{\"@id\":\"https:\\\/\\\/noticiasdominicanas.com\\\/?p=19920#primaryimage\"},\"image\":{\"@id\":\"https:\\\/\\\/noticiasdominicanas.com\\\/?p=19920#primaryimage\"},\"thumbnailUrl\":\"https:\\\/\\\/i0.wp.com\\\/noticiasdominicanas.com\\\/wp-content\\\/uploads\\\/2026\\\/04\\\/Premiacion-anual-infantil-y-juvenil-Panchon-Tejada-2025-scaled.jpg?fit=2560%2C694&ssl=1\",\"datePublished\":\"2026-04-30T23:09:20+00:00\",\"dateModified\":\"2026-04-30T23:09:33+00:00\",\"description\":\"La presidenta de esa instituci\u00f3n, Margarita J\u00e1quez, quien ofreci\u00f3 la informaci\u00f3n, apunt\u00f3 que, ser\u00e1n galardonados 76 atletas, masculinos y femeninos, as\u00ed como la asociaci\u00f3n m\u00e1s destacada del 2025 y el entrenador del a\u00f1o.\",\"breadcrumb\":{\"@id\":\"https:\\\/\\\/noticiasdominicanas.com\\\/?p=19920#breadcrumb\"},\"inLanguage\":\"es\",\"potentialAction\":[{\"@type\":\"ReadAction\",\"target\":[\"https:\\\/\\\/noticiasdominicanas.com\\\/?p=19920\"]}]},{\"@type\":\"ImageObject\",\"inLanguage\":\"es\",\"@id\":\"https:\\\/\\\/noticiasdominicanas.com\\\/?p=19920#primaryimage\",\"url\":\"https:\\\/\\\/i0.wp.com\\\/noticiasdominicanas.com\\\/wp-content\\\/uploads\\\/2026\\\/04\\\/Premiacion-anual-infantil-y-juvenil-Panchon-Tejada-2025-scaled.jpg?fit=2560%2C694&ssl=1\",\"contentUrl\":\"https:\\\/\\\/i0.wp.com\\\/noticiasdominicanas.com\\\/wp-content\\\/uploads\\\/2026\\\/04\\\/Premiacion-anual-infantil-y-juvenil-Panchon-Tejada-2025-scaled.jpg?fit=2560%2C694&ssl=1\",\"width\":2560,\"height\":694},{\"@type\":\"BreadcrumbList\",\"@id\":\"https:\\\/\\\/noticiasdominicanas.com\\\/?p=19920#breadcrumb\",\"itemListElement\":[{\"@type\":\"ListItem\",\"position\":1,\"name\":\"Home\",\"item\":\"https:\\\/\\\/noticiasdominicanas.com\\\/\"},{\"@type\":\"ListItem\",\"position\":2,\"name\":\"UDESA anuncia XVII Gran Gala Anual Premios Infantil y Juvenil Rafael -Panch\u00f3n- Tejada\"}]},{\"@type\":\"WebSite\",\"@id\":\"https:\\\/\\\/noticiasdominicanas.com\\\/#website\",\"url\":\"https:\\\/\\\/noticiasdominicanas.com\\\/\",\"name\":\"Noticias Dominicanas\",\"description\":\"Noticias y opiniones desde Rep\u00fablica Dominicana\",\"publisher\":{\"@id\":\"https:\\\/\\\/noticiasdominicanas.com\\\/#organization\"},\"potentialAction\":[{\"@type\":\"SearchAction\",\"target\":{\"@type\":\"EntryPoint\",\"urlTemplate\":\"https:\\\/\\\/noticiasdominicanas.com\\\/?s={search_term_string}\"},\"query-input\":{\"@type\":\"PropertyValueSpecification\",\"valueRequired\":true,\"valueName\":\"search_term_string\"}}],\"inLanguage\":\"es\"},{\"@type\":\"Organization\",\"@id\":\"https:\\\/\\\/noticiasdominicanas.com\\\/#organization\",\"name\":\"Noticias Dominicanas\",\"url\":\"https:\\\/\\\/noticiasdominicanas.com\\\/\",\"logo\":{\"@type\":\"ImageObject\",\"inLanguage\":\"es\",\"@id\":\"https:\\\/\\\/noticiasdominicanas.com\\\/#\\\/schema\\\/logo\\\/image\\\/\",\"url\":\"https:\\\/\\\/i0.wp.com\\\/noticiasdominicanas.com\\\/wp-content\\\/uploads\\\/2013\\\/12\\\/logo-noticias-dominicanas-web.png?fit=380%2C100&ssl=1\",\"contentUrl\":\"https:\\\/\\\/i0.wp.com\\\/noticiasdominicanas.com\\\/wp-content\\\/uploads\\\/2013\\\/12\\\/logo-noticias-dominicanas-web.png?fit=380%2C100&ssl=1\",\"width\":380,\"height\":100,\"caption\":\"Noticias Dominicanas\"},\"image\":{\"@id\":\"https:\\\/\\\/noticiasdominicanas.com\\\/#\\\/schema\\\/logo\\\/image\\\/\"},\"sameAs\":[\"https:\\\/\\\/www.facebook.com\\\/notidominicanas\",\"https:\\\/\\\/x.com\\\/notidominicanas\",\"https:\\\/\\\/www.instagram.com\\\/ndominicanas\\\/\"]},{\"@type\":\"Person\",\"@id\":\"https:\\\/\\\/noticiasdominicanas.com\\\/#\\\/schema\\\/person\\\/ee8e756960e116e1f0612f86172c5831\",\"name\":\"notidom\",\"image\":{\"@type\":\"ImageObject\",\"inLanguage\":\"es\",\"@id\":\"https:\\\/\\\/secure.gravatar.com\\\/avatar\\\/f184cef738a2e7a54f4d1f52522b7a733332543fce5bbc31311546a99cd995e1?s=96&d=mm&r=g\",\"url\":\"https:\\\/\\\/secure.gravatar.com\\\/avatar\\\/f184cef738a2e7a54f4d1f52522b7a733332543fce5bbc31311546a99cd995e1?s=96&d=mm&r=g\",\"contentUrl\":\"https:\\\/\\\/secure.gravatar.com\\\/avatar\\\/f184cef738a2e7a54f4d1f52522b7a733332543fce5bbc31311546a99cd995e1?s=96&d=mm&r=g\",\"caption\":\"notidom\"},\"url\":\"https:\\\/\\\/noticiasdominicanas.com\\\/?author=1\"}]}<\/script>\n<!-- \/ Yoast SEO plugin. -->","yoast_head_json":{"title":"UDESA anuncia XVII Gran Gala Anual Premios Infantil y Juvenil Rafael -Panch\u00f3n- Tejada - Noticias Dominicanas","description":"La presidenta de esa instituci\u00f3n, Margarita J\u00e1quez, quien ofreci\u00f3 la informaci\u00f3n, apunt\u00f3 que, ser\u00e1n galardonados 76 atletas, masculinos y femeninos, as\u00ed como la asociaci\u00f3n m\u00e1s destacada del 2025 y el entrenador del a\u00f1o.","robots":{"index":"index","follow":"follow","max-snippet":"max-snippet:-1","max-image-preview":"max-image-preview:large","max-video-preview":"max-video-preview:-1"},"canonical":"https:\/\/noticiasdominicanas.com\/?p=19920","og_locale":"es_ES","og_type":"article","og_title":"UDESA anuncia XVII Gran Gala Anual Premios Infantil y Juvenil Rafael -Panch\u00f3n- Tejada - Noticias Dominicanas","og_description":"La presidenta de esa instituci\u00f3n, Margarita J\u00e1quez, quien ofreci\u00f3 la informaci\u00f3n, apunt\u00f3 que, ser\u00e1n galardonados 76 atletas, masculinos y femeninos, as\u00ed como la asociaci\u00f3n m\u00e1s destacada del 2025 y el entrenador del a\u00f1o.","og_url":"https:\/\/noticiasdominicanas.com\/?p=19920","og_site_name":"Noticias Dominicanas","article_publisher":"https:\/\/www.facebook.com\/notidominicanas","article_published_time":"2026-04-30T23:09:20+00:00","article_modified_time":"2026-04-30T23:09:33+00:00","og_image":[{"width":2560,"height":694,"url":"https:\/\/noticiasdominicanas.com\/wp-content\/uploads\/2026\/04\/Premiacion-anual-infantil-y-juvenil-Panchon-Tejada-2025-scaled.jpg","type":"image\/jpeg"}],"author":"notidom","twitter_card":"summary_large_image","twitter_creator":"@notidominicanas","twitter_site":"@notidominicanas","twitter_misc":{"Escrito por":"notidom","Tiempo de lectura":"2 minutos"},"schema":{"@context":"https:\/\/schema.org","@graph":[{"@type":"Article","@id":"https:\/\/noticiasdominicanas.com\/?p=19920#article","isPartOf":{"@id":"https:\/\/noticiasdominicanas.com\/?p=19920"},"author":{"name":"notidom","@id":"https:\/\/noticiasdominicanas.com\/#\/schema\/person\/ee8e756960e116e1f0612f86172c5831"},"headline":"UDESA anuncia XVII Gran Gala Anual Premios Infantil y Juvenil Rafael -Panch\u00f3n- Tejada","datePublished":"2026-04-30T23:09:20+00:00","dateModified":"2026-04-30T23:09:33+00:00","mainEntityOfPage":{"@id":"https:\/\/noticiasdominicanas.com\/?p=19920"},"wordCount":301,"publisher":{"@id":"https:\/\/noticiasdominicanas.com\/#organization"},"image":{"@id":"https:\/\/noticiasdominicanas.com\/?p=19920#primaryimage"},"thumbnailUrl":"https:\/\/i0.wp.com\/noticiasdominicanas.com\/wp-content\/uploads\/2026\/04\/Premiacion-anual-infantil-y-juvenil-Panchon-Tejada-2025-scaled.jpg?fit=2560%2C694&ssl=1","keywords":["UDESA"],"articleSection":["Deportes"],"inLanguage":"es"},{"@type":"WebPage","@id":"https:\/\/noticiasdominicanas.com\/?p=19920","url":"https:\/\/noticiasdominicanas.com\/?p=19920","name":"UDESA anuncia XVII Gran Gala Anual Premios Infantil y Juvenil Rafael -Panch\u00f3n- Tejada - Noticias Dominicanas","isPartOf":{"@id":"https:\/\/noticiasdominicanas.com\/#website"},"primaryImageOfPage":{"@id":"https:\/\/noticiasdominicanas.com\/?p=19920#primaryimage"},"image":{"@id":"https:\/\/noticiasdominicanas.com\/?p=19920#primaryimage"},"thumbnailUrl":"https:\/\/i0.wp.com\/noticiasdominicanas.com\/wp-content\/uploads\/2026\/04\/Premiacion-anual-infantil-y-juvenil-Panchon-Tejada-2025-scaled.jpg?fit=2560%2C694&ssl=1","datePublished":"2026-04-30T23:09:20+00:00","dateModified":"2026-04-30T23:09:33+00:00","description":"La presidenta de esa instituci\u00f3n, Margarita J\u00e1quez, quien ofreci\u00f3 la informaci\u00f3n, apunt\u00f3 que, ser\u00e1n galardonados 76 atletas, masculinos y femeninos, as\u00ed como la asociaci\u00f3n m\u00e1s destacada del 2025 y el entrenador del a\u00f1o.","breadcrumb":{"@id":"https:\/\/noticiasdominicanas.com\/?p=19920#breadcrumb"},"inLanguage":"es","potentialAction":[{"@type":"ReadAction","target":["https:\/\/noticiasdominicanas.com\/?p=19920"]}]},{"@type":"ImageObject","inLanguage":"es","@id":"https:\/\/noticiasdominicanas.com\/?p=19920#primaryimage","url":"https:\/\/i0.wp.com\/noticiasdominicanas.com\/wp-content\/uploads\/2026\/04\/Premiacion-anual-infantil-y-juvenil-Panchon-Tejada-2025-scaled.jpg?fit=2560%2C694&ssl=1","contentUrl":"https:\/\/i0.wp.com\/noticiasdominicanas.com\/wp-content\/uploads\/2026\/04\/Premiacion-anual-infantil-y-juvenil-Panchon-Tejada-2025-scaled.jpg?fit=2560%2C694&ssl=1","width":2560,"height":694},{"@type":"BreadcrumbList","@id":"https:\/\/noticiasdominicanas.com\/?p=19920#breadcrumb","itemListElement":[{"@type":"ListItem","position":1,"name":"Home","item":"https:\/\/noticiasdominicanas.com\/"},{"@type":"ListItem","position":2,"name":"UDESA anuncia XVII Gran Gala Anual Premios Infantil y Juvenil Rafael -Panch\u00f3n- Tejada"}]},{"@type":"WebSite","@id":"https:\/\/noticiasdominicanas.com\/#website","url":"https:\/\/noticiasdominicanas.com\/","name":"Noticias Dominicanas","description":"Noticias y opiniones desde Rep\u00fablica Dominicana","publisher":{"@id":"https:\/\/noticiasdominicanas.com\/#organization"},"potentialAction":[{"@type":"SearchAction","target":{"@type":"EntryPoint","urlTemplate":"https:\/\/noticiasdominicanas.com\/?s={search_term_string}"},"query-input":{"@type":"PropertyValueSpecification","valueRequired":true,"valueName":"search_term_string"}}],"inLanguage":"es"},{"@type":"Organization","@id":"https:\/\/noticiasdominicanas.com\/#organization","name":"Noticias Dominicanas","url":"https:\/\/noticiasdominicanas.com\/","logo":{"@type":"ImageObject","inLanguage":"es","@id":"https:\/\/noticiasdominicanas.com\/#\/schema\/logo\/image\/","url":"https:\/\/i0.wp.com\/noticiasdominicanas.com\/wp-content\/uploads\/2013\/12\/logo-noticias-dominicanas-web.png?fit=380%2C100&ssl=1","contentUrl":"https:\/\/i0.wp.com\/noticiasdominicanas.com\/wp-content\/uploads\/2013\/12\/logo-noticias-dominicanas-web.png?fit=380%2C100&ssl=1","width":380,"height":100,"caption":"Noticias Dominicanas"},"image":{"@id":"https:\/\/noticiasdominicanas.com\/#\/schema\/logo\/image\/"},"sameAs":["https:\/\/www.facebook.com\/notidominicanas","https:\/\/x.com\/notidominicanas","https:\/\/www.instagram.com\/ndominicanas\/"]},{"@type":"Person","@id":"https:\/\/noticiasdominicanas.com\/#\/schema\/person\/ee8e756960e116e1f0612f86172c5831","name":"notidom","image":{"@type":"ImageObject","inLanguage":"es","@id":"https:\/\/secure.gravatar.com\/avatar\/f184cef738a2e7a54f4d1f52522b7a733332543fce5bbc31311546a99cd995e1?s=96&d=mm&r=g","url":"https:\/\/secure.gravatar.com\/avatar\/f184cef738a2e7a54f4d1f52522b7a733332543fce5bbc31311546a99cd995e1?s=96&d=mm&r=g","contentUrl":"https:\/\/secure.gravatar.com\/avatar\/f184cef738a2e7a54f4d1f52522b7a733332543fce5bbc31311546a99cd995e1?s=96&d=mm&r=g","caption":"notidom"},"url":"https:\/\/noticiasdominicanas.com\/?author=1"}]}},"jetpack_featured_media_url":"https:\/\/i0.wp.com\/noticiasdominicanas.com\/wp-content\/uploads\/2026\/04\/Premiacion-anual-infantil-y-juvenil-Panchon-Tejada-2025-scaled.jpg?fit=2560%2C694&ssl=1","jetpack_sharing_enabled":true,"_links":{"self":[{"href":"https:\/\/noticiasdominicanas.com\/index.php?rest_route=\/wp\/v2\/posts\/19920","targetHints":{"allow":["GET"]}}],"collection":[{"href":"https:\/\/noticiasdominicanas.com\/index.php?rest_route=\/wp\/v2\/posts"}],"about":[{"href":"https:\/\/noticiasdominicanas.com\/index.php?rest_route=\/wp\/v2\/types\/post"}],"author":[{"embeddable":true,"href":"https:\/\/noticiasdominicanas.com\/index.php?rest_route=\/wp\/v2\/users\/1"}],"replies":[{"embeddable":true,"href":"https:\/\/noticiasdominicanas.com\/index.php?rest_route=%2Fwp%2Fv2%2Fcomments&post=19920"}],"version-history":[{"count":1,"href":"https:\/\/noticiasdominicanas.com\/index.php?rest_route=\/wp\/v2\/posts\/19920\/revisions"}],"predecessor-version":[{"id":19922,"href":"https:\/\/noticiasdominicanas.com\/index.php?rest_route=\/wp\/v2\/posts\/19920\/revisions\/19922"}],"wp:featuredmedia":[{"embeddable":true,"href":"https:\/\/noticiasdominicanas.com\/index.php?rest_route=\/wp\/v2\/media\/19921"}],"wp:attachment":[{"href":"https:\/\/noticiasdominicanas.com\/index.php?rest_route=%2Fwp%2Fv2%2Fmedia&parent=19920"}],"wp:term":[{"taxonomy":"category","embeddable":true,"href":"https:\/\/noticiasdominicanas.com\/index.php?rest_route=%2Fwp%2Fv2%2Fcategories&post=19920"},{"taxonomy":"post_tag","embeddable":true,"href":"https:\/\/noticiasdominicanas.com\/index.php?rest_route=%2Fwp%2Fv2%2Ftags&post=19920"}],"curies":[{"name":"wp","href":"https:\/\/api.w.org\/{rel}","templated":true}]}}