{"id":19917,"date":"2026-04-30T19:03:02","date_gmt":"2026-04-30T23:03:02","guid":{"rendered":"https:\/\/noticiasdominicanas.com\/?p=19917"},"modified":"2026-04-30T19:03:02","modified_gmt":"2026-04-30T23:03:02","slug":"joseito-mateo-y-como-la-vellonera-accidento-su-vida-artistica","status":"publish","type":"post","link":"https:\/\/noticiasdominicanas.com\/?p=19917","title":{"rendered":"Jose\u00edto Mateo y c\u00f3mo la vellonera accident\u00f3 su vida art\u00edstica"},"content":{"rendered":"<p style=\"font-weight: 400;\"><strong>POR JUAN CRUZ TRIFFOLIO<\/strong><\/p>\n<p style=\"font-weight: 400;\"><strong>Soci\u00f3logo \u2013 Comunicador Dominicana \/\u00a0<\/strong><a href=\"mailto:triffolio@gmail.com\"><strong>triffolio@gmail.com<\/strong><\/a><\/p>\n<p style=\"font-weight: 400;\"><strong>\u00a0<\/strong>Desde muy temprana edad tuvo\u00a0<strong>Jose\u00edto Mateo<\/strong>, quien tiempo m\u00e1s tarde lograra extraordinaria notoriedad como\u00a0<strong>El Rey del Merengue<\/strong>, una vida tortuosa, polifac\u00e9tica, cargada de incontables an\u00e9cdotas.<\/p>\n<p style=\"font-weight: 400;\">De sus humildes or\u00edgenes se destaca que\u00a0<strong>realiz\u00f3 diversos oficios callejeros<\/strong>, adem\u00e1s de ser\u00a0<strong>picapedrero bajo el ardiente sol<\/strong>, teniendo siempre el ejemplo de abnegaci\u00f3n y laboriosidad de su madre quien, en procura de producir el sustento de la familia, adem\u00e1s de realizar los\u00a0<strong>quehaceres dom\u00e9sticos<\/strong>, dedic\u00f3 una gran parte de su existencia al\u00a0<strong>lavado y planchado de ropas<\/strong>\u00a0a personas pudientes que confiaban en su\u00a0<strong>seriedad y cumplimiento<\/strong>.<\/p>\n<p style=\"font-weight: 400;\">El hoy inmortal del canto popular dominicano, naci\u00f3 un 6 de abril de 1920, en\u00a0<strong>Juana Brava<\/strong>, una aldea pobre de\u00a0<strong>San Isidro,<\/strong>\u00a0ubicada al Este de la capital, teniendo como progenitores a\u00a0<strong>Paulino Tam\u00e1rez<\/strong>\u00a0y\u00a0<strong>Altagracia Mateo<\/strong>, naturales de\u00a0<strong>San Crist\u00f3bal<\/strong>.<\/p>\n<p style=\"font-weight: 400;\">A manera de evocaci\u00f3n, cuenta su bi\u00f3grafo,\u00a0<strong>el connotado escritor y humorista Jos\u00e9 J\u00e1quez<\/strong>, en su obra titulada\u00a0<strong>El merengue tiene un Rey<\/strong>, que el primer grupo organizado en el cual particip\u00f3\u00a0<strong>Jose\u00edto Mateo<\/strong>\u00a0como cantante se llam\u00f3\u00a0<strong>Cuarteto Alma Criolla<\/strong>, en donde imitaba las canciones de popular\u00a0<strong>Cuarteto Mach<\/strong><strong>\u00edn<\/strong>\u00a0de origen cubano.<\/p>\n<p style=\"font-weight: 400;\">\u00a0Para entonces, 1935 hasta 1937,\u00a0<strong>Alma Criolla<\/strong>\u00a0estuvo integrado por\u00a0<strong>Luis Ort\u00edz<\/strong>, quien tocaba el tres;\u00a0<strong>Hachi Benitez<\/strong>, la guitarra y un joven s\u00f3lo conocido como\u00a0<strong>Panchito<\/strong>, ejecutante de la clave, adem\u00e1s de cantar a d\u00fao con\u00a0<strong>Jose\u00edto<\/strong>\u00a0en la\u00a0<strong>emisora HI8Q<\/strong>.<\/p>\n<p style=\"font-weight: 400;\">De igual modo, el brillante cultor de gregarias, hijo de\u00a0<strong>Sajoma,<\/strong>\u00a0en\u00a0<strong>la Sierra de Santiago de los Caballeros,<\/strong>\u00a0puntualiza que, en 1938, a la edad de 18 a\u00f1os,\u00a0<strong>Jose\u00edto<\/strong>\u00a0fue a cantar a un cabaret llamado\u00a0<strong>El Toc\u00f3n<\/strong>, en\u00a0<strong>San Crist\u00f3bal<\/strong>, a orillas del\u00a0<strong>r\u00edo Nigua<\/strong>, entonces caudaloso.<\/p>\n<p style=\"font-weight: 400;\">En aquel establecimiento de esparcimiento, sus propietarios le asignaron una peque\u00f1a habitaci\u00f3n donde su madre lo acompa\u00f1aba al entonces nobel vocalista.<\/p>\n<p style=\"font-weight: 400;\">Un a\u00f1o despu\u00e9s de su permanencia en\u00a0<strong>El Toc\u00f3n,\u00a0<\/strong>el extrovertido\u00a0<strong>Jose\u00edto Mateo,\u00a0<\/strong>junto a un afinado sexteto y en procura de vivir una nueva aventura, decidi\u00f3 trasladarse a la ciudad de\u00a0<strong>Barahona,<\/strong>\u00a0donde esperaba alcanzar un mayor nivel de popularidad y mejor\u00eda econ\u00f3mica.<\/p>\n<p style=\"font-weight: 400;\">Para entonces, la llamada\u00a0<strong>Perla del Sur<\/strong>\u00a0era una ciudad pr\u00f3spera con\u00a0<strong>un ingenio azucarero pujante, minas de sal y yeso y con un gran movimiento portuario,<\/strong>\u00a0en donde la circulaci\u00f3n de dinero luc\u00eda acentuada.<\/p>\n<p style=\"font-weight: 400;\">No obstante, la realidad pareci\u00f3 hacerle una mala jugada al talentoso y carism\u00e1tico cantante y bailador dominicano.<\/p>\n<p style=\"font-weight: 400;\">A finales de los a\u00f1os treinta del siglo pasado, concretamente\u00a0<strong>\u201cen 1939, lleg\u00f3 al pa\u00eds la vellonera, aquella m\u00e1quina con luces multicolores reproductora de disco de 78 revoluciones por minuto\u201d<\/strong>, denominada, tiempo despu\u00e9s como\u00a0<strong>\u201ctumba musico\u201d.<\/strong><\/p>\n<p style=\"font-weight: 400;\">La aparici\u00f3n de la mencionada caja sonora hizo que el due\u00f1o del negocio de \u201cdiversi\u00f3n\u201d donde laboraba\u00a0<strong>Jose\u00edto<\/strong>\u00a0y sus amigos quedaran sin trabajo y no les quedara otra opci\u00f3n que todos regresar a su lar nativo.<\/p>\n<p style=\"font-weight: 400;\">En cambio, dado las facilidades y el costo que implica\u00a0<strong>o\u00edr<\/strong>\u00a0<strong>m\u00fasica de la vellonera<\/strong>, aument\u00f3 la asistencia de p\u00fablico al cabaret mencionada y por tanto, el c\u00famulo de ganancia econ\u00f3mica para su propietario.<\/p>\n<p style=\"font-weight: 400;\">En pocas palabras, tal como refiere el inolvidable\u00a0<strong>Jos\u00e9 J\u00e1quez<\/strong>, en sus interesantes y apretadas narraciones,\u00a0<strong>\u201cLa llegada de la vellonera a Barahona determin\u00f3 que los m\u00fasicos que no eran nativos de esa ciudad o entorno retornaran a sus sitios de origen\u201d<\/strong>\u00a0y en el caso concreto de\u00a0<strong>Jose\u00edto Mateo\u00a0<\/strong>apunta que<strong>\u00a0\u00a0\u201cLas mujeres del cabaret donde cantaba\u2026 tuvieron que hacer una colecta para poder pagar cuatro pesos por el pasaje de retorno en una goleta, que se llamaba La Julia y que transportaba pasajeros desde Barahona a Santo Domingo\u201d,<\/strong>\u00a0dado que era m\u00e1s f\u00e1cil que viajar por tierra, por\u00a0<strong>\u201cuna horrorosa carretera que dilataba los viajes\u201d.<\/strong><\/p>\n<p style=\"font-weight: 400;\">Contrario a lo ocurrido con el cantante merenguero en cuesti\u00f3n y sus m\u00fasicos acompa\u00f1antes,<strong>\u00a0\u201cla llegada de la vellonera favoreci\u00f3 a los \u201ccueros\u201d, pues hab\u00eda mayor afluencia de clientes atra\u00eddos por la novedad del aparato\u201d y l\u00f3gicamente, resultaba de beneficio para \u201clos due\u00f1os de negocios, que se ahorraban as\u00ed lo que ten\u00edan que pagar a los m\u00fasicos\u201d.<\/strong><\/p>\n<p style=\"font-weight: 400;\">En definitiva, con la incorporaci\u00f3n del recurso sonoro aludido no tuvo\u00a0<strong>Jose\u00edto Mateo<\/strong>\u00a0otra alternativa que llegar a la capital del pa\u00eds en donde necesariamente tuvo que asumir otra ocupaci\u00f3n diferente al arte de cantar.<\/p>\n<p style=\"font-weight: 400;\">A partir de ese momento, fundamentalmente, tuvo que comenzar a trabajar como\u00a0<strong>pulidor de muebles, puertas y ventana en La Caobera<\/strong>,\u00a0<strong>\u201c\u2026en donde ten\u00eda que sacar el aserr\u00edn que ca\u00eda en las sierras el\u00e9ctricas al trabajar los enormes troncos de caoba, generalmente procedentes de las monta\u00f1as de Jarabacoa y San Jos\u00e9 de Las Matas, donde funcionaban los aserraderos\u201d<\/strong>\u00a0que por supuesto, eran propiedad de\u00a0<strong>Trujillo\u00a0<\/strong>o de algunos de sus testaferros.<\/p>\n<p style=\"font-weight: 400;\">Discurrido el tiempo y siempre motivado por la aspiraci\u00f3n de convertirse en una estrella del canto popular criollo de inmensa dimensi\u00f3n, con su talento, carisma, persistencia y dedicaci\u00f3n, el vers\u00e1til artista logr\u00f3 enrolarse a la radio nacional con el espaldarazo de\u00a0<strong>Paco Escribano, Frank Hatton y Jos\u00e9 Arismendy Trujillo Molina (Pet\u00e1n),<\/strong>\u00a0en\u00a0<strong>La Voz del Yuna<\/strong>, luego\u00a0<strong>Palacio Radio Televisor La Voz Dominicana<\/strong>, y por consiguiente con su extensa pl\u00e9yade de artistas y comunicadores, hasta abrazarse, en el presente, con la inmortalidad, siendo distinguido y coronado como\u00a0<strong>El Rey del Merengue<\/strong>\u00a0por y para siempre.<\/p>\n<p style=\"font-weight: 400;\">Lo dem\u00e1s es sacrificio, dedicaci\u00f3n, perseverancia y porque no, historia de un cultor del canto y el baile comprometido con la alegr\u00eda y la identidad cultural en un pa\u00eds donde,\u00a0<strong>a pesar de los pesares,\u00a0\u00a1\u00a1se puede\u2026!!AA<\/strong><\/p>\n","protected":false},"excerpt":{"rendered":"<p>El hoy inmortal del canto popular dominicano, naci\u00f3 un 6 de abril de 1920, en\u00a0Juana Brava, una aldea pobre de\u00a0San Isidro,\u00a0ubicada al Este de la capital, teniendo como progenitores a\u00a0Paulino Tam\u00e1rez\u00a0y\u00a0Altagracia Mateo, naturales de\u00a0San Crist\u00f3bal.<\/p>\n","protected":false},"author":1,"featured_media":19918,"comment_status":"closed","ping_status":"closed","sticky":false,"template":"","format":"standard","meta":{"_jetpack_memberships_contains_paid_content":false,"footnotes":""},"categories":[696],"tags":[514],"class_list":["post-19917","post","type-post","status-publish","format-standard","has-post-thumbnail","hentry","category-cultura-2","tag-musica"],"yoast_head":"<!-- This site is optimized with the Yoast SEO plugin v27.5 - https:\/\/yoast.com\/product\/yoast-seo-wordpress\/ -->\n<title>Jose\u00edto Mateo y c\u00f3mo la vellonera accident\u00f3 su vida art\u00edstica - Noticias Dominicanas<\/title>\n<meta name=\"description\" content=\"El hoy inmortal del canto popular dominicano, naci\u00f3 un 6 de abril de 1920, en\u00a0Juana Brava, una aldea pobre de\u00a0San Isidro,\u00a0ubicada al Este de la capital, teniendo como progenitores a\u00a0Paulino Tam\u00e1rez\u00a0y\u00a0Altagracia Mateo, naturales de\u00a0San Crist\u00f3bal.\" \/>\n<meta name=\"robots\" content=\"index, follow, max-snippet:-1, max-image-preview:large, max-video-preview:-1\" \/>\n<link rel=\"canonical\" href=\"https:\/\/noticiasdominicanas.com\/?p=19917\" \/>\n<meta property=\"og:locale\" content=\"es_ES\" \/>\n<meta property=\"og:type\" content=\"article\" \/>\n<meta property=\"og:title\" content=\"Jose\u00edto Mateo y c\u00f3mo la vellonera accident\u00f3 su vida art\u00edstica - Noticias Dominicanas\" \/>\n<meta property=\"og:description\" content=\"El hoy inmortal del canto popular dominicano, naci\u00f3 un 6 de abril de 1920, en\u00a0Juana Brava, una aldea pobre de\u00a0San Isidro,\u00a0ubicada al Este de la capital, teniendo como progenitores a\u00a0Paulino Tam\u00e1rez\u00a0y\u00a0Altagracia Mateo, naturales de\u00a0San Crist\u00f3bal.\" \/>\n<meta property=\"og:url\" content=\"https:\/\/noticiasdominicanas.com\/?p=19917\" \/>\n<meta property=\"og:site_name\" content=\"Noticias Dominicanas\" \/>\n<meta property=\"article:publisher\" content=\"https:\/\/www.facebook.com\/notidominicanas\" \/>\n<meta property=\"article:published_time\" content=\"2026-04-30T23:03:02+00:00\" \/>\n<meta property=\"og:image\" content=\"https:\/\/noticiasdominicanas.com\/wp-content\/uploads\/2026\/04\/Joseito-Mateo.jpg\" \/>\n\t<meta property=\"og:image:width\" content=\"1085\" \/>\n\t<meta property=\"og:image:height\" content=\"1085\" \/>\n\t<meta property=\"og:image:type\" content=\"image\/jpeg\" \/>\n<meta name=\"author\" content=\"notidom\" \/>\n<meta name=\"twitter:card\" content=\"summary_large_image\" \/>\n<meta name=\"twitter:creator\" content=\"@notidominicanas\" \/>\n<meta name=\"twitter:site\" content=\"@notidominicanas\" \/>\n<meta name=\"twitter:label1\" content=\"Escrito por\" \/>\n\t<meta name=\"twitter:data1\" content=\"notidom\" \/>\n\t<meta name=\"twitter:label2\" content=\"Tiempo de lectura\" \/>\n\t<meta name=\"twitter:data2\" content=\"5 minutos\" \/>\n<script type=\"application\/ld+json\" class=\"yoast-schema-graph\">{\"@context\":\"https:\\\/\\\/schema.org\",\"@graph\":[{\"@type\":\"Article\",\"@id\":\"https:\\\/\\\/noticiasdominicanas.com\\\/?p=19917#article\",\"isPartOf\":{\"@id\":\"https:\\\/\\\/noticiasdominicanas.com\\\/?p=19917\"},\"author\":{\"name\":\"notidom\",\"@id\":\"https:\\\/\\\/noticiasdominicanas.com\\\/#\\\/schema\\\/person\\\/ee8e756960e116e1f0612f86172c5831\"},\"headline\":\"Jose\u00edto Mateo y c\u00f3mo la vellonera accident\u00f3 su vida art\u00edstica\",\"datePublished\":\"2026-04-30T23:03:02+00:00\",\"mainEntityOfPage\":{\"@id\":\"https:\\\/\\\/noticiasdominicanas.com\\\/?p=19917\"},\"wordCount\":1012,\"publisher\":{\"@id\":\"https:\\\/\\\/noticiasdominicanas.com\\\/#organization\"},\"image\":{\"@id\":\"https:\\\/\\\/noticiasdominicanas.com\\\/?p=19917#primaryimage\"},\"thumbnailUrl\":\"https:\\\/\\\/i0.wp.com\\\/noticiasdominicanas.com\\\/wp-content\\\/uploads\\\/2026\\\/04\\\/Joseito-Mateo.jpg?fit=1085%2C1085&ssl=1\",\"keywords\":[\"Musica\"],\"articleSection\":[\"Cultura\"],\"inLanguage\":\"es\"},{\"@type\":\"WebPage\",\"@id\":\"https:\\\/\\\/noticiasdominicanas.com\\\/?p=19917\",\"url\":\"https:\\\/\\\/noticiasdominicanas.com\\\/?p=19917\",\"name\":\"Jose\u00edto Mateo y c\u00f3mo la vellonera accident\u00f3 su vida art\u00edstica - Noticias Dominicanas\",\"isPartOf\":{\"@id\":\"https:\\\/\\\/noticiasdominicanas.com\\\/#website\"},\"primaryImageOfPage\":{\"@id\":\"https:\\\/\\\/noticiasdominicanas.com\\\/?p=19917#primaryimage\"},\"image\":{\"@id\":\"https:\\\/\\\/noticiasdominicanas.com\\\/?p=19917#primaryimage\"},\"thumbnailUrl\":\"https:\\\/\\\/i0.wp.com\\\/noticiasdominicanas.com\\\/wp-content\\\/uploads\\\/2026\\\/04\\\/Joseito-Mateo.jpg?fit=1085%2C1085&ssl=1\",\"datePublished\":\"2026-04-30T23:03:02+00:00\",\"description\":\"El hoy inmortal del canto popular dominicano, naci\u00f3 un 6 de abril de 1920, en\u00a0Juana Brava, una aldea pobre de\u00a0San Isidro,\u00a0ubicada al Este de la capital, teniendo como progenitores a\u00a0Paulino Tam\u00e1rez\u00a0y\u00a0Altagracia Mateo, naturales de\u00a0San Crist\u00f3bal.\",\"breadcrumb\":{\"@id\":\"https:\\\/\\\/noticiasdominicanas.com\\\/?p=19917#breadcrumb\"},\"inLanguage\":\"es\",\"potentialAction\":[{\"@type\":\"ReadAction\",\"target\":[\"https:\\\/\\\/noticiasdominicanas.com\\\/?p=19917\"]}]},{\"@type\":\"ImageObject\",\"inLanguage\":\"es\",\"@id\":\"https:\\\/\\\/noticiasdominicanas.com\\\/?p=19917#primaryimage\",\"url\":\"https:\\\/\\\/i0.wp.com\\\/noticiasdominicanas.com\\\/wp-content\\\/uploads\\\/2026\\\/04\\\/Joseito-Mateo.jpg?fit=1085%2C1085&ssl=1\",\"contentUrl\":\"https:\\\/\\\/i0.wp.com\\\/noticiasdominicanas.com\\\/wp-content\\\/uploads\\\/2026\\\/04\\\/Joseito-Mateo.jpg?fit=1085%2C1085&ssl=1\",\"width\":1085,\"height\":1085,\"caption\":\"Joseito Mateo\"},{\"@type\":\"BreadcrumbList\",\"@id\":\"https:\\\/\\\/noticiasdominicanas.com\\\/?p=19917#breadcrumb\",\"itemListElement\":[{\"@type\":\"ListItem\",\"position\":1,\"name\":\"Home\",\"item\":\"https:\\\/\\\/noticiasdominicanas.com\\\/\"},{\"@type\":\"ListItem\",\"position\":2,\"name\":\"Jose\u00edto Mateo y c\u00f3mo la vellonera accident\u00f3 su vida art\u00edstica\"}]},{\"@type\":\"WebSite\",\"@id\":\"https:\\\/\\\/noticiasdominicanas.com\\\/#website\",\"url\":\"https:\\\/\\\/noticiasdominicanas.com\\\/\",\"name\":\"Noticias Dominicanas\",\"description\":\"Noticias y opiniones desde Rep\u00fablica Dominicana\",\"publisher\":{\"@id\":\"https:\\\/\\\/noticiasdominicanas.com\\\/#organization\"},\"potentialAction\":[{\"@type\":\"SearchAction\",\"target\":{\"@type\":\"EntryPoint\",\"urlTemplate\":\"https:\\\/\\\/noticiasdominicanas.com\\\/?s={search_term_string}\"},\"query-input\":{\"@type\":\"PropertyValueSpecification\",\"valueRequired\":true,\"valueName\":\"search_term_string\"}}],\"inLanguage\":\"es\"},{\"@type\":\"Organization\",\"@id\":\"https:\\\/\\\/noticiasdominicanas.com\\\/#organization\",\"name\":\"Noticias Dominicanas\",\"url\":\"https:\\\/\\\/noticiasdominicanas.com\\\/\",\"logo\":{\"@type\":\"ImageObject\",\"inLanguage\":\"es\",\"@id\":\"https:\\\/\\\/noticiasdominicanas.com\\\/#\\\/schema\\\/logo\\\/image\\\/\",\"url\":\"https:\\\/\\\/i0.wp.com\\\/noticiasdominicanas.com\\\/wp-content\\\/uploads\\\/2013\\\/12\\\/logo-noticias-dominicanas-web.png?fit=380%2C100&ssl=1\",\"contentUrl\":\"https:\\\/\\\/i0.wp.com\\\/noticiasdominicanas.com\\\/wp-content\\\/uploads\\\/2013\\\/12\\\/logo-noticias-dominicanas-web.png?fit=380%2C100&ssl=1\",\"width\":380,\"height\":100,\"caption\":\"Noticias Dominicanas\"},\"image\":{\"@id\":\"https:\\\/\\\/noticiasdominicanas.com\\\/#\\\/schema\\\/logo\\\/image\\\/\"},\"sameAs\":[\"https:\\\/\\\/www.facebook.com\\\/notidominicanas\",\"https:\\\/\\\/x.com\\\/notidominicanas\",\"https:\\\/\\\/www.instagram.com\\\/ndominicanas\\\/\"]},{\"@type\":\"Person\",\"@id\":\"https:\\\/\\\/noticiasdominicanas.com\\\/#\\\/schema\\\/person\\\/ee8e756960e116e1f0612f86172c5831\",\"name\":\"notidom\",\"image\":{\"@type\":\"ImageObject\",\"inLanguage\":\"es\",\"@id\":\"https:\\\/\\\/secure.gravatar.com\\\/avatar\\\/f184cef738a2e7a54f4d1f52522b7a733332543fce5bbc31311546a99cd995e1?s=96&d=mm&r=g\",\"url\":\"https:\\\/\\\/secure.gravatar.com\\\/avatar\\\/f184cef738a2e7a54f4d1f52522b7a733332543fce5bbc31311546a99cd995e1?s=96&d=mm&r=g\",\"contentUrl\":\"https:\\\/\\\/secure.gravatar.com\\\/avatar\\\/f184cef738a2e7a54f4d1f52522b7a733332543fce5bbc31311546a99cd995e1?s=96&d=mm&r=g\",\"caption\":\"notidom\"},\"url\":\"https:\\\/\\\/noticiasdominicanas.com\\\/?author=1\"}]}<\/script>\n<!-- \/ Yoast SEO plugin. -->","yoast_head_json":{"title":"Jose\u00edto Mateo y c\u00f3mo la vellonera accident\u00f3 su vida art\u00edstica - Noticias Dominicanas","description":"El hoy inmortal del canto popular dominicano, naci\u00f3 un 6 de abril de 1920, en\u00a0Juana Brava, una aldea pobre de\u00a0San Isidro,\u00a0ubicada al Este de la capital, teniendo como progenitores a\u00a0Paulino Tam\u00e1rez\u00a0y\u00a0Altagracia Mateo, naturales de\u00a0San Crist\u00f3bal.","robots":{"index":"index","follow":"follow","max-snippet":"max-snippet:-1","max-image-preview":"max-image-preview:large","max-video-preview":"max-video-preview:-1"},"canonical":"https:\/\/noticiasdominicanas.com\/?p=19917","og_locale":"es_ES","og_type":"article","og_title":"Jose\u00edto Mateo y c\u00f3mo la vellonera accident\u00f3 su vida art\u00edstica - Noticias Dominicanas","og_description":"El hoy inmortal del canto popular dominicano, naci\u00f3 un 6 de abril de 1920, en\u00a0Juana Brava, una aldea pobre de\u00a0San Isidro,\u00a0ubicada al Este de la capital, teniendo como progenitores a\u00a0Paulino Tam\u00e1rez\u00a0y\u00a0Altagracia Mateo, naturales de\u00a0San Crist\u00f3bal.","og_url":"https:\/\/noticiasdominicanas.com\/?p=19917","og_site_name":"Noticias Dominicanas","article_publisher":"https:\/\/www.facebook.com\/notidominicanas","article_published_time":"2026-04-30T23:03:02+00:00","og_image":[{"width":1085,"height":1085,"url":"https:\/\/noticiasdominicanas.com\/wp-content\/uploads\/2026\/04\/Joseito-Mateo.jpg","type":"image\/jpeg"}],"author":"notidom","twitter_card":"summary_large_image","twitter_creator":"@notidominicanas","twitter_site":"@notidominicanas","twitter_misc":{"Escrito por":"notidom","Tiempo de lectura":"5 minutos"},"schema":{"@context":"https:\/\/schema.org","@graph":[{"@type":"Article","@id":"https:\/\/noticiasdominicanas.com\/?p=19917#article","isPartOf":{"@id":"https:\/\/noticiasdominicanas.com\/?p=19917"},"author":{"name":"notidom","@id":"https:\/\/noticiasdominicanas.com\/#\/schema\/person\/ee8e756960e116e1f0612f86172c5831"},"headline":"Jose\u00edto Mateo y c\u00f3mo la vellonera accident\u00f3 su vida art\u00edstica","datePublished":"2026-04-30T23:03:02+00:00","mainEntityOfPage":{"@id":"https:\/\/noticiasdominicanas.com\/?p=19917"},"wordCount":1012,"publisher":{"@id":"https:\/\/noticiasdominicanas.com\/#organization"},"image":{"@id":"https:\/\/noticiasdominicanas.com\/?p=19917#primaryimage"},"thumbnailUrl":"https:\/\/i0.wp.com\/noticiasdominicanas.com\/wp-content\/uploads\/2026\/04\/Joseito-Mateo.jpg?fit=1085%2C1085&ssl=1","keywords":["Musica"],"articleSection":["Cultura"],"inLanguage":"es"},{"@type":"WebPage","@id":"https:\/\/noticiasdominicanas.com\/?p=19917","url":"https:\/\/noticiasdominicanas.com\/?p=19917","name":"Jose\u00edto Mateo y c\u00f3mo la vellonera accident\u00f3 su vida art\u00edstica - Noticias Dominicanas","isPartOf":{"@id":"https:\/\/noticiasdominicanas.com\/#website"},"primaryImageOfPage":{"@id":"https:\/\/noticiasdominicanas.com\/?p=19917#primaryimage"},"image":{"@id":"https:\/\/noticiasdominicanas.com\/?p=19917#primaryimage"},"thumbnailUrl":"https:\/\/i0.wp.com\/noticiasdominicanas.com\/wp-content\/uploads\/2026\/04\/Joseito-Mateo.jpg?fit=1085%2C1085&ssl=1","datePublished":"2026-04-30T23:03:02+00:00","description":"El hoy inmortal del canto popular dominicano, naci\u00f3 un 6 de abril de 1920, en\u00a0Juana Brava, una aldea pobre de\u00a0San Isidro,\u00a0ubicada al Este de la capital, teniendo como progenitores a\u00a0Paulino Tam\u00e1rez\u00a0y\u00a0Altagracia Mateo, naturales de\u00a0San Crist\u00f3bal.","breadcrumb":{"@id":"https:\/\/noticiasdominicanas.com\/?p=19917#breadcrumb"},"inLanguage":"es","potentialAction":[{"@type":"ReadAction","target":["https:\/\/noticiasdominicanas.com\/?p=19917"]}]},{"@type":"ImageObject","inLanguage":"es","@id":"https:\/\/noticiasdominicanas.com\/?p=19917#primaryimage","url":"https:\/\/i0.wp.com\/noticiasdominicanas.com\/wp-content\/uploads\/2026\/04\/Joseito-Mateo.jpg?fit=1085%2C1085&ssl=1","contentUrl":"https:\/\/i0.wp.com\/noticiasdominicanas.com\/wp-content\/uploads\/2026\/04\/Joseito-Mateo.jpg?fit=1085%2C1085&ssl=1","width":1085,"height":1085,"caption":"Joseito Mateo"},{"@type":"BreadcrumbList","@id":"https:\/\/noticiasdominicanas.com\/?p=19917#breadcrumb","itemListElement":[{"@type":"ListItem","position":1,"name":"Home","item":"https:\/\/noticiasdominicanas.com\/"},{"@type":"ListItem","position":2,"name":"Jose\u00edto Mateo y c\u00f3mo la vellonera accident\u00f3 su vida art\u00edstica"}]},{"@type":"WebSite","@id":"https:\/\/noticiasdominicanas.com\/#website","url":"https:\/\/noticiasdominicanas.com\/","name":"Noticias Dominicanas","description":"Noticias y opiniones desde Rep\u00fablica Dominicana","publisher":{"@id":"https:\/\/noticiasdominicanas.com\/#organization"},"potentialAction":[{"@type":"SearchAction","target":{"@type":"EntryPoint","urlTemplate":"https:\/\/noticiasdominicanas.com\/?s={search_term_string}"},"query-input":{"@type":"PropertyValueSpecification","valueRequired":true,"valueName":"search_term_string"}}],"inLanguage":"es"},{"@type":"Organization","@id":"https:\/\/noticiasdominicanas.com\/#organization","name":"Noticias Dominicanas","url":"https:\/\/noticiasdominicanas.com\/","logo":{"@type":"ImageObject","inLanguage":"es","@id":"https:\/\/noticiasdominicanas.com\/#\/schema\/logo\/image\/","url":"https:\/\/i0.wp.com\/noticiasdominicanas.com\/wp-content\/uploads\/2013\/12\/logo-noticias-dominicanas-web.png?fit=380%2C100&ssl=1","contentUrl":"https:\/\/i0.wp.com\/noticiasdominicanas.com\/wp-content\/uploads\/2013\/12\/logo-noticias-dominicanas-web.png?fit=380%2C100&ssl=1","width":380,"height":100,"caption":"Noticias Dominicanas"},"image":{"@id":"https:\/\/noticiasdominicanas.com\/#\/schema\/logo\/image\/"},"sameAs":["https:\/\/www.facebook.com\/notidominicanas","https:\/\/x.com\/notidominicanas","https:\/\/www.instagram.com\/ndominicanas\/"]},{"@type":"Person","@id":"https:\/\/noticiasdominicanas.com\/#\/schema\/person\/ee8e756960e116e1f0612f86172c5831","name":"notidom","image":{"@type":"ImageObject","inLanguage":"es","@id":"https:\/\/secure.gravatar.com\/avatar\/f184cef738a2e7a54f4d1f52522b7a733332543fce5bbc31311546a99cd995e1?s=96&d=mm&r=g","url":"https:\/\/secure.gravatar.com\/avatar\/f184cef738a2e7a54f4d1f52522b7a733332543fce5bbc31311546a99cd995e1?s=96&d=mm&r=g","contentUrl":"https:\/\/secure.gravatar.com\/avatar\/f184cef738a2e7a54f4d1f52522b7a733332543fce5bbc31311546a99cd995e1?s=96&d=mm&r=g","caption":"notidom"},"url":"https:\/\/noticiasdominicanas.com\/?author=1"}]}},"jetpack_featured_media_url":"https:\/\/i0.wp.com\/noticiasdominicanas.com\/wp-content\/uploads\/2026\/04\/Joseito-Mateo.jpg?fit=1085%2C1085&ssl=1","jetpack_sharing_enabled":true,"_links":{"self":[{"href":"https:\/\/noticiasdominicanas.com\/index.php?rest_route=\/wp\/v2\/posts\/19917","targetHints":{"allow":["GET"]}}],"collection":[{"href":"https:\/\/noticiasdominicanas.com\/index.php?rest_route=\/wp\/v2\/posts"}],"about":[{"href":"https:\/\/noticiasdominicanas.com\/index.php?rest_route=\/wp\/v2\/types\/post"}],"author":[{"embeddable":true,"href":"https:\/\/noticiasdominicanas.com\/index.php?rest_route=\/wp\/v2\/users\/1"}],"replies":[{"embeddable":true,"href":"https:\/\/noticiasdominicanas.com\/index.php?rest_route=%2Fwp%2Fv2%2Fcomments&post=19917"}],"version-history":[{"count":1,"href":"https:\/\/noticiasdominicanas.com\/index.php?rest_route=\/wp\/v2\/posts\/19917\/revisions"}],"predecessor-version":[{"id":19919,"href":"https:\/\/noticiasdominicanas.com\/index.php?rest_route=\/wp\/v2\/posts\/19917\/revisions\/19919"}],"wp:featuredmedia":[{"embeddable":true,"href":"https:\/\/noticiasdominicanas.com\/index.php?rest_route=\/wp\/v2\/media\/19918"}],"wp:attachment":[{"href":"https:\/\/noticiasdominicanas.com\/index.php?rest_route=%2Fwp%2Fv2%2Fmedia&parent=19917"}],"wp:term":[{"taxonomy":"category","embeddable":true,"href":"https:\/\/noticiasdominicanas.com\/index.php?rest_route=%2Fwp%2Fv2%2Fcategories&post=19917"},{"taxonomy":"post_tag","embeddable":true,"href":"https:\/\/noticiasdominicanas.com\/index.php?rest_route=%2Fwp%2Fv2%2Ftags&post=19917"}],"curies":[{"name":"wp","href":"https:\/\/api.w.org\/{rel}","templated":true}]}}