{"id":19911,"date":"2026-04-29T19:35:07","date_gmt":"2026-04-29T23:35:07","guid":{"rendered":"https:\/\/noticiasdominicanas.com\/?p=19911"},"modified":"2026-04-29T19:35:07","modified_gmt":"2026-04-29T23:35:07","slug":"senador-felix-bautista-afirma-san-juan-prefiere-distrito-energetico-y-no-minero","status":"publish","type":"post","link":"https:\/\/noticiasdominicanas.com\/?p=19911","title":{"rendered":"Senador F\u00e9lix Bautista afirma San Juan prefiere distrito energ\u00e9tico y no minero"},"content":{"rendered":"<blockquote><p>Asegur\u00f3 que San Juan est\u00e1 en pie de lucha. El senador de la Fuerza del Pueblo asegur\u00f3 que no hay forma de que el proyecto Romero no afecte el r\u00edo San Juan y las presas.<\/p><\/blockquote>\n<p><strong>Santo Domingo, R.D.-<\/strong>El senador de la provincia San Juan, F\u00e9lix Bautista, afirm\u00f3 este mi\u00e9rcoles que los habitantes de la demarcaci\u00f3n prefiere que se construya un distrito energ\u00e9tico y no uno minero, el cual garantice la producci\u00f3n el\u00e9ctrica, empleos, la agricultura y el agua.<\/p>\n<p>Precis\u00f3 que el mapa de concesiones de la Goldquest abarca una superficie de 209 millones de metros cuadrados y afectar\u00eda a m\u00e1s de 15 territorios en la cordillera Central en San Juan como son: Valent\u00edn, La Guinea, Los Piedra Dura, Descansado, Las Tres Veredas, La Pelada, Los Lechones, Loma Los Com\u00edos, Los Gajitos, Romero, La Tachuela, Toribio, Loma de Cachimbo, Toc\u00f3n de Pino y Ag\u00fcita Fr\u00eda.<\/p>\n<p>El senador de la Fuerza del Pueblo record\u00f3 que la cordillera Central es la fuente primaria de agua de la regi\u00f3n norte y sur del pa\u00eds, por lo que es esencial preservarla, para que ambas zonas sigan produciendo el preciado l\u00edquido.<\/p>\n<p>Puntualiz\u00f3 que no hay forma de que la empresa Goldquest con sus excavaciones no afecte el cauce del r\u00edo San Juan: \u201cLa excavaci\u00f3n conlleva movilizar equipos pesados para poder llegar al subsuelo, lo que provocar\u00e1 que viertan disse, aceites, turbidez de las aguas, lo que contaminar\u00eda las presas\u201d.<\/p>\n<p>Bautista sostuvo que la Empresa de Generaci\u00f3n Hidroel\u00e9ctrica Dominicana (Egehid) tiene en carpeta dos proyectos uno de \u201cAcumulaci\u00f3n de Energ\u00eda por Hidrobombeo Sabaneta I\u201d y \u201cGeneraci\u00f3n de Energ\u00eda por Hidrobombeo Sabaneta II\u201d.<\/p>\n<p>Explic\u00f3 que ambos sistemas de hidrobombeo permitir\u00e1 producir 850 megavatios de energ\u00eda limpia adicional que podr\u00e1 ser incorporada al servicio el\u00e9ctrico en horas de la noche, al tiempo de indicar que la capacidad actual de la Egehid es de 627 megas, es decir, que Sabaneta I y Sabaneta II, representan m\u00e1s del doble de producci\u00f3n.<\/p>\n<p>Asever\u00f3 que los proyectos energ\u00e9ticos de Sabaneta van a representar unos 179 millones de d\u00f3lares anuales, al indicar que si se multiplica por ocho a\u00f1os el Estado dominicano recibir\u00e1 RD$85,920.00 millones \u201c\u00bfQu\u00e9 queremos, RD$45 mil millones con contaminaci\u00f3n o RD$85,920?000 millones de energ\u00eda limpia?\u201d.<\/p>\n<p>El senador F\u00e9lix Bautista destac\u00f3 que los proyectos energ\u00e9ticos de Sabaneta I y II, van a producir dos mil empleos directos, mientras que Goldquest solo mil plazas de trabajos.<br \/>\nAdem\u00e1s, acot\u00f3 que los proyectos energ\u00e9ticos de Sabaneta I y II, tendr\u00e1n una vida \u00fatil de 60 a\u00f1os para los generadores y cien a\u00f1os en la obra civil, mientras que el proyecto minero solo permanecer\u00e1 ocho a\u00f1os.<\/p>\n<p>Tambi\u00e9n, resalt\u00f3 que San Juan recibir\u00eda en ocho por los proyectos el\u00e9ctricos de Sabaneta I y II, la suma de U$420 millones de d\u00f3lares, mientras por Gold Quest solo U$326 millones de d\u00f3lares, incluyendo contaminaci\u00f3n de las aguas y efectos nocivos para la salud.<\/p>\n<p>F\u00e9lix Bautista asegur\u00f3 que Egehid tiene un plan de reforestaci\u00f3n iniciado, mientras que la Gold Quest solo tiene promesas.<\/p>\n<p>\u201cEn vez de convertir a San Juan en un distrito minero, queda claro que es m\u00e1s beneficioso convertirlo en un distrito energ\u00e9tico\u201d, ratific\u00f3.<\/p>\n<p>El senador de San Juan asegur\u00f3 que la empresa Gold Quest pretende violar todo el sistema constitucional y jur\u00eddico de la Rep\u00fablica Dominicana en har\u00e1 de la codicia y de explotar una mina que a todas luces va afectar significativamente al Valle de San Juan, la regi\u00f3n Enriquillo y la regi\u00f3n del Valle.<\/p>\n<p>En ese sentido, Bautista afirm\u00f3 que el proyecto minero Romero en la provincia San Juan viola la Constituci\u00f3n de la Rep\u00fablica en sus art\u00edculos 6 y 67, la ley de Medio Ambiente y Recursos Naturales en sus art\u00edculos 126 y 127, la Ley de Energ\u00eda y Minas en su art\u00edculo 30 y la Ley de Ordenamiento Territorial, Uso de Suelo y Asentamiento Humanos en su art\u00edculo 4 numeral 7, as\u00ed como la sentencia del Tribunal Constitucional n\u00famero 482-19.<\/p>\n<p>Sostuvo que el da\u00f1o ambiental ser\u00e1 irreversible, debido a que las aguas del r\u00edo Juan Juan terminan en el r\u00edo Yaque del Sur, el cual alimenta la presa de Montegrande, afectando las tierras productivas de Barahona y otras importantes demarcaciones de la regi\u00f3n sur.<\/p>\n<p>Dijo que la provincia que representa es un pueblo trabajador de gente honorable, heroica y pac\u00edfico, \u201cdesde hace muchos a\u00f1os en San Juan no se realizaba una manifestaci\u00f3n, ya que es un pueblo que apuesta a la paz y al desarrollo\u201d.<\/p>\n<p>Consider\u00f3 que la jornada de protesta que se llev\u00f3 acab\u00f3 en San Juan provoc\u00f3 una paralizaci\u00f3n total del transporte y el comercio de la provincia, algo que nunca se hab\u00eda dado en la demarcaci\u00f3n: \u201cSan Juan est\u00e1 de pie y San Juan est\u00e1 luchando por su futuro\u201d.<\/p>\n<p>El senador, adem\u00e1s, suministr\u00f3 a los miembros de la prensa, un documentos de fecha 10 de septiembre del 2024, firmado por monse\u00f1or Tom\u00e1s Alejo Concepci\u00f3n, obispo y pastor de la Dieseis de San Juan de la Maguana, y m\u00e1s de 21 sacerdote de la regi\u00f3n Sur, as\u00ed como de cientos de iglesias protestantes, entre otras organizaciones de la sociedad civil, quienes rechazan el proyecto minero Romero en la provincia San Juan.<\/p>\n","protected":false},"excerpt":{"rendered":"<p>Asegur\u00f3 que San Juan est\u00e1 en pie de lucha. El senador de la Fuerza del Pueblo asegur\u00f3 que no hay forma de que el proyecto Romero no afecte el r\u00edo San Juan y las presas.<\/p>\n","protected":false},"author":1,"featured_media":19912,"comment_status":"closed","ping_status":"closed","sticky":false,"template":"","format":"standard","meta":{"_jetpack_memberships_contains_paid_content":false,"footnotes":""},"categories":[19],"tags":[3117],"class_list":["post-19911","post","type-post","status-publish","format-standard","has-post-thumbnail","hentry","category-region-sur","tag-felix-bautista"],"yoast_head":"<!-- This site is optimized with the Yoast SEO plugin v27.5 - https:\/\/yoast.com\/product\/yoast-seo-wordpress\/ -->\n<title>Senador F\u00e9lix Bautista afirma San Juan prefiere distrito energ\u00e9tico y no minero - Noticias Dominicanas<\/title>\n<meta name=\"description\" content=\"Asegur\u00f3 que San Juan est\u00e1 en pie de lucha. El senador de la Fuerza del Pueblo asegur\u00f3 que no hay forma de que el proyecto Romero no afecte el r\u00edo San Juan y las presas.\" \/>\n<meta name=\"robots\" content=\"index, follow, max-snippet:-1, max-image-preview:large, max-video-preview:-1\" \/>\n<link rel=\"canonical\" href=\"https:\/\/noticiasdominicanas.com\/?p=19911\" \/>\n<meta property=\"og:locale\" content=\"es_ES\" \/>\n<meta property=\"og:type\" content=\"article\" \/>\n<meta property=\"og:title\" content=\"Senador F\u00e9lix Bautista afirma San Juan prefiere distrito energ\u00e9tico y no minero - Noticias Dominicanas\" \/>\n<meta property=\"og:description\" content=\"Asegur\u00f3 que San Juan est\u00e1 en pie de lucha. El senador de la Fuerza del Pueblo asegur\u00f3 que no hay forma de que el proyecto Romero no afecte el r\u00edo San Juan y las presas.\" \/>\n<meta property=\"og:url\" content=\"https:\/\/noticiasdominicanas.com\/?p=19911\" \/>\n<meta property=\"og:site_name\" content=\"Noticias Dominicanas\" \/>\n<meta property=\"article:publisher\" content=\"https:\/\/www.facebook.com\/notidominicanas\" \/>\n<meta property=\"article:published_time\" content=\"2026-04-29T23:35:07+00:00\" \/>\n<meta property=\"og:image\" content=\"https:\/\/noticiasdominicanas.com\/wp-content\/uploads\/2026\/04\/WhatsApp-Image-2026-04-29-at-4.31.24-PM.jpeg\" \/>\n\t<meta property=\"og:image:width\" content=\"1280\" \/>\n\t<meta property=\"og:image:height\" content=\"720\" \/>\n\t<meta property=\"og:image:type\" content=\"image\/jpeg\" \/>\n<meta name=\"author\" content=\"notidom\" \/>\n<meta name=\"twitter:card\" content=\"summary_large_image\" \/>\n<meta name=\"twitter:creator\" content=\"@notidominicanas\" \/>\n<meta name=\"twitter:site\" content=\"@notidominicanas\" \/>\n<meta name=\"twitter:label1\" content=\"Escrito por\" \/>\n\t<meta name=\"twitter:data1\" content=\"notidom\" \/>\n\t<meta name=\"twitter:label2\" content=\"Tiempo de lectura\" \/>\n\t<meta name=\"twitter:data2\" content=\"4 minutos\" \/>\n<script type=\"application\/ld+json\" class=\"yoast-schema-graph\">{\"@context\":\"https:\\\/\\\/schema.org\",\"@graph\":[{\"@type\":\"Article\",\"@id\":\"https:\\\/\\\/noticiasdominicanas.com\\\/?p=19911#article\",\"isPartOf\":{\"@id\":\"https:\\\/\\\/noticiasdominicanas.com\\\/?p=19911\"},\"author\":{\"name\":\"notidom\",\"@id\":\"https:\\\/\\\/noticiasdominicanas.com\\\/#\\\/schema\\\/person\\\/ee8e756960e116e1f0612f86172c5831\"},\"headline\":\"Senador F\u00e9lix Bautista afirma San Juan prefiere distrito energ\u00e9tico y no minero\",\"datePublished\":\"2026-04-29T23:35:07+00:00\",\"mainEntityOfPage\":{\"@id\":\"https:\\\/\\\/noticiasdominicanas.com\\\/?p=19911\"},\"wordCount\":931,\"publisher\":{\"@id\":\"https:\\\/\\\/noticiasdominicanas.com\\\/#organization\"},\"image\":{\"@id\":\"https:\\\/\\\/noticiasdominicanas.com\\\/?p=19911#primaryimage\"},\"thumbnailUrl\":\"https:\\\/\\\/i0.wp.com\\\/noticiasdominicanas.com\\\/wp-content\\\/uploads\\\/2026\\\/04\\\/WhatsApp-Image-2026-04-29-at-4.31.24-PM.jpeg?fit=1280%2C720&ssl=1\",\"keywords\":[\"F\u00e9lix Bautista\"],\"articleSection\":[\"Regi\u00f3n Sur\"],\"inLanguage\":\"es\"},{\"@type\":\"WebPage\",\"@id\":\"https:\\\/\\\/noticiasdominicanas.com\\\/?p=19911\",\"url\":\"https:\\\/\\\/noticiasdominicanas.com\\\/?p=19911\",\"name\":\"Senador F\u00e9lix Bautista afirma San Juan prefiere distrito energ\u00e9tico y no minero - Noticias Dominicanas\",\"isPartOf\":{\"@id\":\"https:\\\/\\\/noticiasdominicanas.com\\\/#website\"},\"primaryImageOfPage\":{\"@id\":\"https:\\\/\\\/noticiasdominicanas.com\\\/?p=19911#primaryimage\"},\"image\":{\"@id\":\"https:\\\/\\\/noticiasdominicanas.com\\\/?p=19911#primaryimage\"},\"thumbnailUrl\":\"https:\\\/\\\/i0.wp.com\\\/noticiasdominicanas.com\\\/wp-content\\\/uploads\\\/2026\\\/04\\\/WhatsApp-Image-2026-04-29-at-4.31.24-PM.jpeg?fit=1280%2C720&ssl=1\",\"datePublished\":\"2026-04-29T23:35:07+00:00\",\"description\":\"Asegur\u00f3 que San Juan est\u00e1 en pie de lucha. El senador de la Fuerza del Pueblo asegur\u00f3 que no hay forma de que el proyecto Romero no afecte el r\u00edo San Juan y las presas.\",\"breadcrumb\":{\"@id\":\"https:\\\/\\\/noticiasdominicanas.com\\\/?p=19911#breadcrumb\"},\"inLanguage\":\"es\",\"potentialAction\":[{\"@type\":\"ReadAction\",\"target\":[\"https:\\\/\\\/noticiasdominicanas.com\\\/?p=19911\"]}]},{\"@type\":\"ImageObject\",\"inLanguage\":\"es\",\"@id\":\"https:\\\/\\\/noticiasdominicanas.com\\\/?p=19911#primaryimage\",\"url\":\"https:\\\/\\\/i0.wp.com\\\/noticiasdominicanas.com\\\/wp-content\\\/uploads\\\/2026\\\/04\\\/WhatsApp-Image-2026-04-29-at-4.31.24-PM.jpeg?fit=1280%2C720&ssl=1\",\"contentUrl\":\"https:\\\/\\\/i0.wp.com\\\/noticiasdominicanas.com\\\/wp-content\\\/uploads\\\/2026\\\/04\\\/WhatsApp-Image-2026-04-29-at-4.31.24-PM.jpeg?fit=1280%2C720&ssl=1\",\"width\":1280,\"height\":720},{\"@type\":\"BreadcrumbList\",\"@id\":\"https:\\\/\\\/noticiasdominicanas.com\\\/?p=19911#breadcrumb\",\"itemListElement\":[{\"@type\":\"ListItem\",\"position\":1,\"name\":\"Home\",\"item\":\"https:\\\/\\\/noticiasdominicanas.com\\\/\"},{\"@type\":\"ListItem\",\"position\":2,\"name\":\"Senador F\u00e9lix Bautista afirma San Juan prefiere distrito energ\u00e9tico y no minero\"}]},{\"@type\":\"WebSite\",\"@id\":\"https:\\\/\\\/noticiasdominicanas.com\\\/#website\",\"url\":\"https:\\\/\\\/noticiasdominicanas.com\\\/\",\"name\":\"Noticias Dominicanas\",\"description\":\"Noticias y opiniones desde Rep\u00fablica Dominicana\",\"publisher\":{\"@id\":\"https:\\\/\\\/noticiasdominicanas.com\\\/#organization\"},\"potentialAction\":[{\"@type\":\"SearchAction\",\"target\":{\"@type\":\"EntryPoint\",\"urlTemplate\":\"https:\\\/\\\/noticiasdominicanas.com\\\/?s={search_term_string}\"},\"query-input\":{\"@type\":\"PropertyValueSpecification\",\"valueRequired\":true,\"valueName\":\"search_term_string\"}}],\"inLanguage\":\"es\"},{\"@type\":\"Organization\",\"@id\":\"https:\\\/\\\/noticiasdominicanas.com\\\/#organization\",\"name\":\"Noticias Dominicanas\",\"url\":\"https:\\\/\\\/noticiasdominicanas.com\\\/\",\"logo\":{\"@type\":\"ImageObject\",\"inLanguage\":\"es\",\"@id\":\"https:\\\/\\\/noticiasdominicanas.com\\\/#\\\/schema\\\/logo\\\/image\\\/\",\"url\":\"https:\\\/\\\/i0.wp.com\\\/noticiasdominicanas.com\\\/wp-content\\\/uploads\\\/2013\\\/12\\\/logo-noticias-dominicanas-web.png?fit=380%2C100&ssl=1\",\"contentUrl\":\"https:\\\/\\\/i0.wp.com\\\/noticiasdominicanas.com\\\/wp-content\\\/uploads\\\/2013\\\/12\\\/logo-noticias-dominicanas-web.png?fit=380%2C100&ssl=1\",\"width\":380,\"height\":100,\"caption\":\"Noticias Dominicanas\"},\"image\":{\"@id\":\"https:\\\/\\\/noticiasdominicanas.com\\\/#\\\/schema\\\/logo\\\/image\\\/\"},\"sameAs\":[\"https:\\\/\\\/www.facebook.com\\\/notidominicanas\",\"https:\\\/\\\/x.com\\\/notidominicanas\",\"https:\\\/\\\/www.instagram.com\\\/ndominicanas\\\/\"]},{\"@type\":\"Person\",\"@id\":\"https:\\\/\\\/noticiasdominicanas.com\\\/#\\\/schema\\\/person\\\/ee8e756960e116e1f0612f86172c5831\",\"name\":\"notidom\",\"image\":{\"@type\":\"ImageObject\",\"inLanguage\":\"es\",\"@id\":\"https:\\\/\\\/secure.gravatar.com\\\/avatar\\\/f184cef738a2e7a54f4d1f52522b7a733332543fce5bbc31311546a99cd995e1?s=96&d=mm&r=g\",\"url\":\"https:\\\/\\\/secure.gravatar.com\\\/avatar\\\/f184cef738a2e7a54f4d1f52522b7a733332543fce5bbc31311546a99cd995e1?s=96&d=mm&r=g\",\"contentUrl\":\"https:\\\/\\\/secure.gravatar.com\\\/avatar\\\/f184cef738a2e7a54f4d1f52522b7a733332543fce5bbc31311546a99cd995e1?s=96&d=mm&r=g\",\"caption\":\"notidom\"},\"url\":\"https:\\\/\\\/noticiasdominicanas.com\\\/?author=1\"}]}<\/script>\n<!-- \/ Yoast SEO plugin. -->","yoast_head_json":{"title":"Senador F\u00e9lix Bautista afirma San Juan prefiere distrito energ\u00e9tico y no minero - Noticias Dominicanas","description":"Asegur\u00f3 que San Juan est\u00e1 en pie de lucha. El senador de la Fuerza del Pueblo asegur\u00f3 que no hay forma de que el proyecto Romero no afecte el r\u00edo San Juan y las presas.","robots":{"index":"index","follow":"follow","max-snippet":"max-snippet:-1","max-image-preview":"max-image-preview:large","max-video-preview":"max-video-preview:-1"},"canonical":"https:\/\/noticiasdominicanas.com\/?p=19911","og_locale":"es_ES","og_type":"article","og_title":"Senador F\u00e9lix Bautista afirma San Juan prefiere distrito energ\u00e9tico y no minero - Noticias Dominicanas","og_description":"Asegur\u00f3 que San Juan est\u00e1 en pie de lucha. El senador de la Fuerza del Pueblo asegur\u00f3 que no hay forma de que el proyecto Romero no afecte el r\u00edo San Juan y las presas.","og_url":"https:\/\/noticiasdominicanas.com\/?p=19911","og_site_name":"Noticias Dominicanas","article_publisher":"https:\/\/www.facebook.com\/notidominicanas","article_published_time":"2026-04-29T23:35:07+00:00","og_image":[{"width":1280,"height":720,"url":"https:\/\/noticiasdominicanas.com\/wp-content\/uploads\/2026\/04\/WhatsApp-Image-2026-04-29-at-4.31.24-PM.jpeg","type":"image\/jpeg"}],"author":"notidom","twitter_card":"summary_large_image","twitter_creator":"@notidominicanas","twitter_site":"@notidominicanas","twitter_misc":{"Escrito por":"notidom","Tiempo de lectura":"4 minutos"},"schema":{"@context":"https:\/\/schema.org","@graph":[{"@type":"Article","@id":"https:\/\/noticiasdominicanas.com\/?p=19911#article","isPartOf":{"@id":"https:\/\/noticiasdominicanas.com\/?p=19911"},"author":{"name":"notidom","@id":"https:\/\/noticiasdominicanas.com\/#\/schema\/person\/ee8e756960e116e1f0612f86172c5831"},"headline":"Senador F\u00e9lix Bautista afirma San Juan prefiere distrito energ\u00e9tico y no minero","datePublished":"2026-04-29T23:35:07+00:00","mainEntityOfPage":{"@id":"https:\/\/noticiasdominicanas.com\/?p=19911"},"wordCount":931,"publisher":{"@id":"https:\/\/noticiasdominicanas.com\/#organization"},"image":{"@id":"https:\/\/noticiasdominicanas.com\/?p=19911#primaryimage"},"thumbnailUrl":"https:\/\/i0.wp.com\/noticiasdominicanas.com\/wp-content\/uploads\/2026\/04\/WhatsApp-Image-2026-04-29-at-4.31.24-PM.jpeg?fit=1280%2C720&ssl=1","keywords":["F\u00e9lix Bautista"],"articleSection":["Regi\u00f3n Sur"],"inLanguage":"es"},{"@type":"WebPage","@id":"https:\/\/noticiasdominicanas.com\/?p=19911","url":"https:\/\/noticiasdominicanas.com\/?p=19911","name":"Senador F\u00e9lix Bautista afirma San Juan prefiere distrito energ\u00e9tico y no minero - Noticias Dominicanas","isPartOf":{"@id":"https:\/\/noticiasdominicanas.com\/#website"},"primaryImageOfPage":{"@id":"https:\/\/noticiasdominicanas.com\/?p=19911#primaryimage"},"image":{"@id":"https:\/\/noticiasdominicanas.com\/?p=19911#primaryimage"},"thumbnailUrl":"https:\/\/i0.wp.com\/noticiasdominicanas.com\/wp-content\/uploads\/2026\/04\/WhatsApp-Image-2026-04-29-at-4.31.24-PM.jpeg?fit=1280%2C720&ssl=1","datePublished":"2026-04-29T23:35:07+00:00","description":"Asegur\u00f3 que San Juan est\u00e1 en pie de lucha. El senador de la Fuerza del Pueblo asegur\u00f3 que no hay forma de que el proyecto Romero no afecte el r\u00edo San Juan y las presas.","breadcrumb":{"@id":"https:\/\/noticiasdominicanas.com\/?p=19911#breadcrumb"},"inLanguage":"es","potentialAction":[{"@type":"ReadAction","target":["https:\/\/noticiasdominicanas.com\/?p=19911"]}]},{"@type":"ImageObject","inLanguage":"es","@id":"https:\/\/noticiasdominicanas.com\/?p=19911#primaryimage","url":"https:\/\/i0.wp.com\/noticiasdominicanas.com\/wp-content\/uploads\/2026\/04\/WhatsApp-Image-2026-04-29-at-4.31.24-PM.jpeg?fit=1280%2C720&ssl=1","contentUrl":"https:\/\/i0.wp.com\/noticiasdominicanas.com\/wp-content\/uploads\/2026\/04\/WhatsApp-Image-2026-04-29-at-4.31.24-PM.jpeg?fit=1280%2C720&ssl=1","width":1280,"height":720},{"@type":"BreadcrumbList","@id":"https:\/\/noticiasdominicanas.com\/?p=19911#breadcrumb","itemListElement":[{"@type":"ListItem","position":1,"name":"Home","item":"https:\/\/noticiasdominicanas.com\/"},{"@type":"ListItem","position":2,"name":"Senador F\u00e9lix Bautista afirma San Juan prefiere distrito energ\u00e9tico y no minero"}]},{"@type":"WebSite","@id":"https:\/\/noticiasdominicanas.com\/#website","url":"https:\/\/noticiasdominicanas.com\/","name":"Noticias Dominicanas","description":"Noticias y opiniones desde Rep\u00fablica Dominicana","publisher":{"@id":"https:\/\/noticiasdominicanas.com\/#organization"},"potentialAction":[{"@type":"SearchAction","target":{"@type":"EntryPoint","urlTemplate":"https:\/\/noticiasdominicanas.com\/?s={search_term_string}"},"query-input":{"@type":"PropertyValueSpecification","valueRequired":true,"valueName":"search_term_string"}}],"inLanguage":"es"},{"@type":"Organization","@id":"https:\/\/noticiasdominicanas.com\/#organization","name":"Noticias Dominicanas","url":"https:\/\/noticiasdominicanas.com\/","logo":{"@type":"ImageObject","inLanguage":"es","@id":"https:\/\/noticiasdominicanas.com\/#\/schema\/logo\/image\/","url":"https:\/\/i0.wp.com\/noticiasdominicanas.com\/wp-content\/uploads\/2013\/12\/logo-noticias-dominicanas-web.png?fit=380%2C100&ssl=1","contentUrl":"https:\/\/i0.wp.com\/noticiasdominicanas.com\/wp-content\/uploads\/2013\/12\/logo-noticias-dominicanas-web.png?fit=380%2C100&ssl=1","width":380,"height":100,"caption":"Noticias Dominicanas"},"image":{"@id":"https:\/\/noticiasdominicanas.com\/#\/schema\/logo\/image\/"},"sameAs":["https:\/\/www.facebook.com\/notidominicanas","https:\/\/x.com\/notidominicanas","https:\/\/www.instagram.com\/ndominicanas\/"]},{"@type":"Person","@id":"https:\/\/noticiasdominicanas.com\/#\/schema\/person\/ee8e756960e116e1f0612f86172c5831","name":"notidom","image":{"@type":"ImageObject","inLanguage":"es","@id":"https:\/\/secure.gravatar.com\/avatar\/f184cef738a2e7a54f4d1f52522b7a733332543fce5bbc31311546a99cd995e1?s=96&d=mm&r=g","url":"https:\/\/secure.gravatar.com\/avatar\/f184cef738a2e7a54f4d1f52522b7a733332543fce5bbc31311546a99cd995e1?s=96&d=mm&r=g","contentUrl":"https:\/\/secure.gravatar.com\/avatar\/f184cef738a2e7a54f4d1f52522b7a733332543fce5bbc31311546a99cd995e1?s=96&d=mm&r=g","caption":"notidom"},"url":"https:\/\/noticiasdominicanas.com\/?author=1"}]}},"jetpack_featured_media_url":"https:\/\/i0.wp.com\/noticiasdominicanas.com\/wp-content\/uploads\/2026\/04\/WhatsApp-Image-2026-04-29-at-4.31.24-PM.jpeg?fit=1280%2C720&ssl=1","jetpack_sharing_enabled":true,"_links":{"self":[{"href":"https:\/\/noticiasdominicanas.com\/index.php?rest_route=\/wp\/v2\/posts\/19911","targetHints":{"allow":["GET"]}}],"collection":[{"href":"https:\/\/noticiasdominicanas.com\/index.php?rest_route=\/wp\/v2\/posts"}],"about":[{"href":"https:\/\/noticiasdominicanas.com\/index.php?rest_route=\/wp\/v2\/types\/post"}],"author":[{"embeddable":true,"href":"https:\/\/noticiasdominicanas.com\/index.php?rest_route=\/wp\/v2\/users\/1"}],"replies":[{"embeddable":true,"href":"https:\/\/noticiasdominicanas.com\/index.php?rest_route=%2Fwp%2Fv2%2Fcomments&post=19911"}],"version-history":[{"count":1,"href":"https:\/\/noticiasdominicanas.com\/index.php?rest_route=\/wp\/v2\/posts\/19911\/revisions"}],"predecessor-version":[{"id":19913,"href":"https:\/\/noticiasdominicanas.com\/index.php?rest_route=\/wp\/v2\/posts\/19911\/revisions\/19913"}],"wp:featuredmedia":[{"embeddable":true,"href":"https:\/\/noticiasdominicanas.com\/index.php?rest_route=\/wp\/v2\/media\/19912"}],"wp:attachment":[{"href":"https:\/\/noticiasdominicanas.com\/index.php?rest_route=%2Fwp%2Fv2%2Fmedia&parent=19911"}],"wp:term":[{"taxonomy":"category","embeddable":true,"href":"https:\/\/noticiasdominicanas.com\/index.php?rest_route=%2Fwp%2Fv2%2Fcategories&post=19911"},{"taxonomy":"post_tag","embeddable":true,"href":"https:\/\/noticiasdominicanas.com\/index.php?rest_route=%2Fwp%2Fv2%2Ftags&post=19911"}],"curies":[{"name":"wp","href":"https:\/\/api.w.org\/{rel}","templated":true}]}}