{"id":19900,"date":"2026-04-29T19:10:19","date_gmt":"2026-04-29T23:10:19","guid":{"rendered":"https:\/\/noticiasdominicanas.com\/?p=19900"},"modified":"2026-04-29T19:10:19","modified_gmt":"2026-04-29T23:10:19","slug":"hector-dominguez-pone-a-circular-libro-sobre-descentralizacion-y-futuro-politico","status":"publish","type":"post","link":"https:\/\/noticiasdominicanas.com\/?p=19900","title":{"rendered":"H\u00e9ctor Dom\u00ednguez pone a circular libro sobre descentralizaci\u00f3n y futuro pol\u00edtico"},"content":{"rendered":"<p><strong>Santiago de los Caballeros, R.D.<\/strong> \u2014En un ambiente cargado de contenido intelectual y con notable presencia de figuras del \u00e1mbito jur\u00eddico, pol\u00edtico y cultural, fue puesta en circulaci\u00f3n la obra. La otra alternativa: la revoluci\u00f3n posible en estos tiempos, del abogado, diplom\u00e1tico y dirigente pol\u00edtico H\u00e9ctor Dom\u00ednguez, en el auditorio del Ateneo Amantes de la Luz.<\/p>\n<p>El acto, que form\u00f3 parte de la agenda cultural reciente de la ciudad, cont\u00f3 con la responsabilidad de Carlos M\u00e1rquez\u00a0 para ponderar el libro. La actividad destac\u00f3 por una asistencia significativa y cualitativamente relevante, entre quienes se encontraban: Robert Placencia, exjuez de la Suprema Corte de Justicia, junto a su esposa Mildred Suberv\u00ed y su hermano\u00a0 \u00c1ngel Suberv\u00ed, as\u00ed como el Ingeniero Rigoberto Santos, Embajador de la Educaci\u00f3n y La Ciencia de la Federaci\u00f3n de Rusia . Sergio Guzm\u00e1n, primer presidente de Uni\u00f3n M\u00e9dica del Norte, ex-regidor de Santiago y director regional norte de la SISALRIL. Antonio Pe\u00f1a Mirabal, exministro de Educaci\u00f3n. Jos\u00e9 Manuel Castillo, ex-embajador en El Salvador, Cuba y Rusia. H\u00e9ctor Rodr\u00edguez Pimentel, Melton Pineda, Bienvenido P\u00e9rez (CORPHOTEL), B\u00e9lgica Su\u00e1rez, Jeannette Dom\u00ednguez, Manuel Santana y el empresario Tony Hiraldo.<\/p>\n<p><strong>Una obra alineada con su tiempo<\/strong><\/p>\n<p>El texto de Dom\u00ednguez se inscribe en una discusi\u00f3n contempor\u00e1nea sobre el modelo de Estado y la reorganizaci\u00f3n del poder. Desde una perspectiva cr\u00edtica, propone la descentralizaci\u00f3n gubernamental como v\u00eda alternativa frente al agotamiento de esquemas tradicionales, incluyendo el neoliberalismo. La obra plantea una lectura estrat\u00e9gica del futuro, vinculando urbanismo, desarrollo territorial y el impacto de la inteligencia artificial en la organizaci\u00f3n social.<\/p>\n<p><strong>Calidad argumentativa<\/strong><\/p>\n<p>Uno de los puntos m\u00e1s s\u00f3lidos del libro es su uso de referencias comparadas, citando experiencias internacionales \u2014como el caso de Taiw\u00e1n\u2014 para sostener que la descentralizaci\u00f3n es una herramienta concreta de desarrollo. En t\u00e9rminos editoriales, el texto presenta coherencia interna, claridad conceptual y una narrativa orientada a persuadir sin sacrificar densidad anal\u00edtica.<\/p>\n<p><strong>El autor y el escenario<\/strong><\/p>\n<p>H\u00e9ctor Dom\u00ednguez, conocido tambi\u00e9n como \u201cPap\u00edn\u201d, cuenta con una trayectoria consolidada en el \u00e1mbito jur\u00eddico, diplom\u00e1tico y pol\u00edtico. Esa experiencia se refleja en el libro, que no se construye desde la teor\u00eda pura, sino desde la pr\u00e1ctica acumulada en la gesti\u00f3n p\u00fablica.<\/p>\n<p>La elecci\u00f3n del Ateneo Amantes de la Luz para este lanzamiento refuerza el car\u00e1cter intelectual de la obra, situ\u00e1ndola dentro de una l\u00ednea de debate serio sobre el pa\u00eds, al tratarse de una de las instituciones culturales m\u00e1s antiguas y prestigiosas de la Rep\u00fablica Dominicana, fundada en 1874.<\/p>\n<p><strong>Un aporte al debate nacional<\/strong><\/p>\n<p>\u00abLa otra alternativa\u00bb no pretende ser un manifiesto cerrado, sino una provocaci\u00f3n intelectual. Su valor radica en colocar sobre la mesa la redistribuci\u00f3n real del poder en el pa\u00eds. Como se mencion\u00f3 durante el evento, no es un libro para adornar la biblioteca, sino para discutirlo y analizarlo profundamente.<\/p>\n<p>&nbsp;<\/p>\n","protected":false},"excerpt":{"rendered":"<p>El texto de Dom\u00ednguez se inscribe en una discusi\u00f3n contempor\u00e1nea sobre el modelo de Estado y la reorganizaci\u00f3n del poder. Desde una perspectiva cr\u00edtica, propone la descentralizaci\u00f3n gubernamental como v\u00eda alternativa frente al agotamiento de esquemas tradicionales, incluyendo el neoliberalismo. La obra plantea una lectura estrat\u00e9gica del futuro, vinculando urbanismo, desarrollo territorial y el impacto de la inteligencia artificial en la organizaci\u00f3n social.<\/p>\n","protected":false},"author":1,"featured_media":19901,"comment_status":"closed","ping_status":"closed","sticky":false,"template":"","format":"standard","meta":{"_jetpack_memberships_contains_paid_content":false,"footnotes":""},"categories":[696],"tags":[],"class_list":["post-19900","post","type-post","status-publish","format-standard","has-post-thumbnail","hentry","category-cultura-2"],"yoast_head":"<!-- This site is optimized with the Yoast SEO plugin v27.5 - https:\/\/yoast.com\/product\/yoast-seo-wordpress\/ -->\n<title>H\u00e9ctor Dom\u00ednguez pone a circular libro sobre descentralizaci\u00f3n y futuro pol\u00edtico - Noticias Dominicanas<\/title>\n<meta name=\"description\" content=\"El texto de Dom\u00ednguez se inscribe en una discusi\u00f3n contempor\u00e1nea sobre el modelo de Estado y la reorganizaci\u00f3n del poder. Desde una perspectiva cr\u00edtica, propone la descentralizaci\u00f3n gubernamental como v\u00eda alternativa frente al agotamiento de esquemas tradicionales, incluyendo el neoliberalismo. La obra plantea una lectura estrat\u00e9gica del futuro, vinculando urbanismo, desarrollo territorial y el impacto de la inteligencia artificial en la organizaci\u00f3n social.\" \/>\n<meta name=\"robots\" content=\"index, follow, max-snippet:-1, max-image-preview:large, max-video-preview:-1\" \/>\n<link rel=\"canonical\" href=\"https:\/\/noticiasdominicanas.com\/?p=19900\" \/>\n<meta property=\"og:locale\" content=\"es_ES\" \/>\n<meta property=\"og:type\" content=\"article\" \/>\n<meta property=\"og:title\" content=\"H\u00e9ctor Dom\u00ednguez pone a circular libro sobre descentralizaci\u00f3n y futuro pol\u00edtico - Noticias Dominicanas\" \/>\n<meta property=\"og:description\" content=\"El texto de Dom\u00ednguez se inscribe en una discusi\u00f3n contempor\u00e1nea sobre el modelo de Estado y la reorganizaci\u00f3n del poder. Desde una perspectiva cr\u00edtica, propone la descentralizaci\u00f3n gubernamental como v\u00eda alternativa frente al agotamiento de esquemas tradicionales, incluyendo el neoliberalismo. La obra plantea una lectura estrat\u00e9gica del futuro, vinculando urbanismo, desarrollo territorial y el impacto de la inteligencia artificial en la organizaci\u00f3n social.\" \/>\n<meta property=\"og:url\" content=\"https:\/\/noticiasdominicanas.com\/?p=19900\" \/>\n<meta property=\"og:site_name\" content=\"Noticias Dominicanas\" \/>\n<meta property=\"article:publisher\" content=\"https:\/\/www.facebook.com\/notidominicanas\" \/>\n<meta property=\"article:published_time\" content=\"2026-04-29T23:10:19+00:00\" \/>\n<meta property=\"og:image\" content=\"https:\/\/noticiasdominicanas.com\/wp-content\/uploads\/2026\/04\/image-2.png\" \/>\n\t<meta property=\"og:image:width\" content=\"1052\" \/>\n\t<meta property=\"og:image:height\" content=\"512\" \/>\n\t<meta property=\"og:image:type\" content=\"image\/png\" \/>\n<meta name=\"author\" content=\"notidom\" \/>\n<meta name=\"twitter:card\" content=\"summary_large_image\" \/>\n<meta name=\"twitter:creator\" content=\"@notidominicanas\" \/>\n<meta name=\"twitter:site\" content=\"@notidominicanas\" \/>\n<meta name=\"twitter:label1\" content=\"Escrito por\" \/>\n\t<meta name=\"twitter:data1\" content=\"notidom\" \/>\n\t<meta name=\"twitter:label2\" content=\"Tiempo de lectura\" \/>\n\t<meta name=\"twitter:data2\" content=\"3 minutos\" \/>\n<script type=\"application\/ld+json\" class=\"yoast-schema-graph\">{\"@context\":\"https:\\\/\\\/schema.org\",\"@graph\":[{\"@type\":\"Article\",\"@id\":\"https:\\\/\\\/noticiasdominicanas.com\\\/?p=19900#article\",\"isPartOf\":{\"@id\":\"https:\\\/\\\/noticiasdominicanas.com\\\/?p=19900\"},\"author\":{\"name\":\"notidom\",\"@id\":\"https:\\\/\\\/noticiasdominicanas.com\\\/#\\\/schema\\\/person\\\/ee8e756960e116e1f0612f86172c5831\"},\"headline\":\"H\u00e9ctor Dom\u00ednguez pone a circular libro sobre descentralizaci\u00f3n y futuro pol\u00edtico\",\"datePublished\":\"2026-04-29T23:10:19+00:00\",\"mainEntityOfPage\":{\"@id\":\"https:\\\/\\\/noticiasdominicanas.com\\\/?p=19900\"},\"wordCount\":533,\"publisher\":{\"@id\":\"https:\\\/\\\/noticiasdominicanas.com\\\/#organization\"},\"image\":{\"@id\":\"https:\\\/\\\/noticiasdominicanas.com\\\/?p=19900#primaryimage\"},\"thumbnailUrl\":\"https:\\\/\\\/i0.wp.com\\\/noticiasdominicanas.com\\\/wp-content\\\/uploads\\\/2026\\\/04\\\/image-2.png?fit=1052%2C512&ssl=1\",\"articleSection\":[\"Cultura\"],\"inLanguage\":\"es\"},{\"@type\":\"WebPage\",\"@id\":\"https:\\\/\\\/noticiasdominicanas.com\\\/?p=19900\",\"url\":\"https:\\\/\\\/noticiasdominicanas.com\\\/?p=19900\",\"name\":\"H\u00e9ctor Dom\u00ednguez pone a circular libro sobre descentralizaci\u00f3n y futuro pol\u00edtico - Noticias Dominicanas\",\"isPartOf\":{\"@id\":\"https:\\\/\\\/noticiasdominicanas.com\\\/#website\"},\"primaryImageOfPage\":{\"@id\":\"https:\\\/\\\/noticiasdominicanas.com\\\/?p=19900#primaryimage\"},\"image\":{\"@id\":\"https:\\\/\\\/noticiasdominicanas.com\\\/?p=19900#primaryimage\"},\"thumbnailUrl\":\"https:\\\/\\\/i0.wp.com\\\/noticiasdominicanas.com\\\/wp-content\\\/uploads\\\/2026\\\/04\\\/image-2.png?fit=1052%2C512&ssl=1\",\"datePublished\":\"2026-04-29T23:10:19+00:00\",\"description\":\"El texto de Dom\u00ednguez se inscribe en una discusi\u00f3n contempor\u00e1nea sobre el modelo de Estado y la reorganizaci\u00f3n del poder. Desde una perspectiva cr\u00edtica, propone la descentralizaci\u00f3n gubernamental como v\u00eda alternativa frente al agotamiento de esquemas tradicionales, incluyendo el neoliberalismo. La obra plantea una lectura estrat\u00e9gica del futuro, vinculando urbanismo, desarrollo territorial y el impacto de la inteligencia artificial en la organizaci\u00f3n social.\",\"breadcrumb\":{\"@id\":\"https:\\\/\\\/noticiasdominicanas.com\\\/?p=19900#breadcrumb\"},\"inLanguage\":\"es\",\"potentialAction\":[{\"@type\":\"ReadAction\",\"target\":[\"https:\\\/\\\/noticiasdominicanas.com\\\/?p=19900\"]}]},{\"@type\":\"ImageObject\",\"inLanguage\":\"es\",\"@id\":\"https:\\\/\\\/noticiasdominicanas.com\\\/?p=19900#primaryimage\",\"url\":\"https:\\\/\\\/i0.wp.com\\\/noticiasdominicanas.com\\\/wp-content\\\/uploads\\\/2026\\\/04\\\/image-2.png?fit=1052%2C512&ssl=1\",\"contentUrl\":\"https:\\\/\\\/i0.wp.com\\\/noticiasdominicanas.com\\\/wp-content\\\/uploads\\\/2026\\\/04\\\/image-2.png?fit=1052%2C512&ssl=1\",\"width\":1052,\"height\":512},{\"@type\":\"BreadcrumbList\",\"@id\":\"https:\\\/\\\/noticiasdominicanas.com\\\/?p=19900#breadcrumb\",\"itemListElement\":[{\"@type\":\"ListItem\",\"position\":1,\"name\":\"Home\",\"item\":\"https:\\\/\\\/noticiasdominicanas.com\\\/\"},{\"@type\":\"ListItem\",\"position\":2,\"name\":\"H\u00e9ctor Dom\u00ednguez pone a circular libro sobre descentralizaci\u00f3n y futuro pol\u00edtico\"}]},{\"@type\":\"WebSite\",\"@id\":\"https:\\\/\\\/noticiasdominicanas.com\\\/#website\",\"url\":\"https:\\\/\\\/noticiasdominicanas.com\\\/\",\"name\":\"Noticias Dominicanas\",\"description\":\"Noticias y opiniones desde Rep\u00fablica Dominicana\",\"publisher\":{\"@id\":\"https:\\\/\\\/noticiasdominicanas.com\\\/#organization\"},\"potentialAction\":[{\"@type\":\"SearchAction\",\"target\":{\"@type\":\"EntryPoint\",\"urlTemplate\":\"https:\\\/\\\/noticiasdominicanas.com\\\/?s={search_term_string}\"},\"query-input\":{\"@type\":\"PropertyValueSpecification\",\"valueRequired\":true,\"valueName\":\"search_term_string\"}}],\"inLanguage\":\"es\"},{\"@type\":\"Organization\",\"@id\":\"https:\\\/\\\/noticiasdominicanas.com\\\/#organization\",\"name\":\"Noticias Dominicanas\",\"url\":\"https:\\\/\\\/noticiasdominicanas.com\\\/\",\"logo\":{\"@type\":\"ImageObject\",\"inLanguage\":\"es\",\"@id\":\"https:\\\/\\\/noticiasdominicanas.com\\\/#\\\/schema\\\/logo\\\/image\\\/\",\"url\":\"https:\\\/\\\/i0.wp.com\\\/noticiasdominicanas.com\\\/wp-content\\\/uploads\\\/2013\\\/12\\\/logo-noticias-dominicanas-web.png?fit=380%2C100&ssl=1\",\"contentUrl\":\"https:\\\/\\\/i0.wp.com\\\/noticiasdominicanas.com\\\/wp-content\\\/uploads\\\/2013\\\/12\\\/logo-noticias-dominicanas-web.png?fit=380%2C100&ssl=1\",\"width\":380,\"height\":100,\"caption\":\"Noticias Dominicanas\"},\"image\":{\"@id\":\"https:\\\/\\\/noticiasdominicanas.com\\\/#\\\/schema\\\/logo\\\/image\\\/\"},\"sameAs\":[\"https:\\\/\\\/www.facebook.com\\\/notidominicanas\",\"https:\\\/\\\/x.com\\\/notidominicanas\",\"https:\\\/\\\/www.instagram.com\\\/ndominicanas\\\/\"]},{\"@type\":\"Person\",\"@id\":\"https:\\\/\\\/noticiasdominicanas.com\\\/#\\\/schema\\\/person\\\/ee8e756960e116e1f0612f86172c5831\",\"name\":\"notidom\",\"image\":{\"@type\":\"ImageObject\",\"inLanguage\":\"es\",\"@id\":\"https:\\\/\\\/secure.gravatar.com\\\/avatar\\\/f184cef738a2e7a54f4d1f52522b7a733332543fce5bbc31311546a99cd995e1?s=96&d=mm&r=g\",\"url\":\"https:\\\/\\\/secure.gravatar.com\\\/avatar\\\/f184cef738a2e7a54f4d1f52522b7a733332543fce5bbc31311546a99cd995e1?s=96&d=mm&r=g\",\"contentUrl\":\"https:\\\/\\\/secure.gravatar.com\\\/avatar\\\/f184cef738a2e7a54f4d1f52522b7a733332543fce5bbc31311546a99cd995e1?s=96&d=mm&r=g\",\"caption\":\"notidom\"},\"url\":\"https:\\\/\\\/noticiasdominicanas.com\\\/?author=1\"}]}<\/script>\n<!-- \/ Yoast SEO plugin. -->","yoast_head_json":{"title":"H\u00e9ctor Dom\u00ednguez pone a circular libro sobre descentralizaci\u00f3n y futuro pol\u00edtico - Noticias Dominicanas","description":"El texto de Dom\u00ednguez se inscribe en una discusi\u00f3n contempor\u00e1nea sobre el modelo de Estado y la reorganizaci\u00f3n del poder. Desde una perspectiva cr\u00edtica, propone la descentralizaci\u00f3n gubernamental como v\u00eda alternativa frente al agotamiento de esquemas tradicionales, incluyendo el neoliberalismo. La obra plantea una lectura estrat\u00e9gica del futuro, vinculando urbanismo, desarrollo territorial y el impacto de la inteligencia artificial en la organizaci\u00f3n social.","robots":{"index":"index","follow":"follow","max-snippet":"max-snippet:-1","max-image-preview":"max-image-preview:large","max-video-preview":"max-video-preview:-1"},"canonical":"https:\/\/noticiasdominicanas.com\/?p=19900","og_locale":"es_ES","og_type":"article","og_title":"H\u00e9ctor Dom\u00ednguez pone a circular libro sobre descentralizaci\u00f3n y futuro pol\u00edtico - Noticias Dominicanas","og_description":"El texto de Dom\u00ednguez se inscribe en una discusi\u00f3n contempor\u00e1nea sobre el modelo de Estado y la reorganizaci\u00f3n del poder. Desde una perspectiva cr\u00edtica, propone la descentralizaci\u00f3n gubernamental como v\u00eda alternativa frente al agotamiento de esquemas tradicionales, incluyendo el neoliberalismo. La obra plantea una lectura estrat\u00e9gica del futuro, vinculando urbanismo, desarrollo territorial y el impacto de la inteligencia artificial en la organizaci\u00f3n social.","og_url":"https:\/\/noticiasdominicanas.com\/?p=19900","og_site_name":"Noticias Dominicanas","article_publisher":"https:\/\/www.facebook.com\/notidominicanas","article_published_time":"2026-04-29T23:10:19+00:00","og_image":[{"width":1052,"height":512,"url":"https:\/\/noticiasdominicanas.com\/wp-content\/uploads\/2026\/04\/image-2.png","type":"image\/png"}],"author":"notidom","twitter_card":"summary_large_image","twitter_creator":"@notidominicanas","twitter_site":"@notidominicanas","twitter_misc":{"Escrito por":"notidom","Tiempo de lectura":"3 minutos"},"schema":{"@context":"https:\/\/schema.org","@graph":[{"@type":"Article","@id":"https:\/\/noticiasdominicanas.com\/?p=19900#article","isPartOf":{"@id":"https:\/\/noticiasdominicanas.com\/?p=19900"},"author":{"name":"notidom","@id":"https:\/\/noticiasdominicanas.com\/#\/schema\/person\/ee8e756960e116e1f0612f86172c5831"},"headline":"H\u00e9ctor Dom\u00ednguez pone a circular libro sobre descentralizaci\u00f3n y futuro pol\u00edtico","datePublished":"2026-04-29T23:10:19+00:00","mainEntityOfPage":{"@id":"https:\/\/noticiasdominicanas.com\/?p=19900"},"wordCount":533,"publisher":{"@id":"https:\/\/noticiasdominicanas.com\/#organization"},"image":{"@id":"https:\/\/noticiasdominicanas.com\/?p=19900#primaryimage"},"thumbnailUrl":"https:\/\/i0.wp.com\/noticiasdominicanas.com\/wp-content\/uploads\/2026\/04\/image-2.png?fit=1052%2C512&ssl=1","articleSection":["Cultura"],"inLanguage":"es"},{"@type":"WebPage","@id":"https:\/\/noticiasdominicanas.com\/?p=19900","url":"https:\/\/noticiasdominicanas.com\/?p=19900","name":"H\u00e9ctor Dom\u00ednguez pone a circular libro sobre descentralizaci\u00f3n y futuro pol\u00edtico - Noticias Dominicanas","isPartOf":{"@id":"https:\/\/noticiasdominicanas.com\/#website"},"primaryImageOfPage":{"@id":"https:\/\/noticiasdominicanas.com\/?p=19900#primaryimage"},"image":{"@id":"https:\/\/noticiasdominicanas.com\/?p=19900#primaryimage"},"thumbnailUrl":"https:\/\/i0.wp.com\/noticiasdominicanas.com\/wp-content\/uploads\/2026\/04\/image-2.png?fit=1052%2C512&ssl=1","datePublished":"2026-04-29T23:10:19+00:00","description":"El texto de Dom\u00ednguez se inscribe en una discusi\u00f3n contempor\u00e1nea sobre el modelo de Estado y la reorganizaci\u00f3n del poder. Desde una perspectiva cr\u00edtica, propone la descentralizaci\u00f3n gubernamental como v\u00eda alternativa frente al agotamiento de esquemas tradicionales, incluyendo el neoliberalismo. La obra plantea una lectura estrat\u00e9gica del futuro, vinculando urbanismo, desarrollo territorial y el impacto de la inteligencia artificial en la organizaci\u00f3n social.","breadcrumb":{"@id":"https:\/\/noticiasdominicanas.com\/?p=19900#breadcrumb"},"inLanguage":"es","potentialAction":[{"@type":"ReadAction","target":["https:\/\/noticiasdominicanas.com\/?p=19900"]}]},{"@type":"ImageObject","inLanguage":"es","@id":"https:\/\/noticiasdominicanas.com\/?p=19900#primaryimage","url":"https:\/\/i0.wp.com\/noticiasdominicanas.com\/wp-content\/uploads\/2026\/04\/image-2.png?fit=1052%2C512&ssl=1","contentUrl":"https:\/\/i0.wp.com\/noticiasdominicanas.com\/wp-content\/uploads\/2026\/04\/image-2.png?fit=1052%2C512&ssl=1","width":1052,"height":512},{"@type":"BreadcrumbList","@id":"https:\/\/noticiasdominicanas.com\/?p=19900#breadcrumb","itemListElement":[{"@type":"ListItem","position":1,"name":"Home","item":"https:\/\/noticiasdominicanas.com\/"},{"@type":"ListItem","position":2,"name":"H\u00e9ctor Dom\u00ednguez pone a circular libro sobre descentralizaci\u00f3n y futuro pol\u00edtico"}]},{"@type":"WebSite","@id":"https:\/\/noticiasdominicanas.com\/#website","url":"https:\/\/noticiasdominicanas.com\/","name":"Noticias Dominicanas","description":"Noticias y opiniones desde Rep\u00fablica Dominicana","publisher":{"@id":"https:\/\/noticiasdominicanas.com\/#organization"},"potentialAction":[{"@type":"SearchAction","target":{"@type":"EntryPoint","urlTemplate":"https:\/\/noticiasdominicanas.com\/?s={search_term_string}"},"query-input":{"@type":"PropertyValueSpecification","valueRequired":true,"valueName":"search_term_string"}}],"inLanguage":"es"},{"@type":"Organization","@id":"https:\/\/noticiasdominicanas.com\/#organization","name":"Noticias Dominicanas","url":"https:\/\/noticiasdominicanas.com\/","logo":{"@type":"ImageObject","inLanguage":"es","@id":"https:\/\/noticiasdominicanas.com\/#\/schema\/logo\/image\/","url":"https:\/\/i0.wp.com\/noticiasdominicanas.com\/wp-content\/uploads\/2013\/12\/logo-noticias-dominicanas-web.png?fit=380%2C100&ssl=1","contentUrl":"https:\/\/i0.wp.com\/noticiasdominicanas.com\/wp-content\/uploads\/2013\/12\/logo-noticias-dominicanas-web.png?fit=380%2C100&ssl=1","width":380,"height":100,"caption":"Noticias Dominicanas"},"image":{"@id":"https:\/\/noticiasdominicanas.com\/#\/schema\/logo\/image\/"},"sameAs":["https:\/\/www.facebook.com\/notidominicanas","https:\/\/x.com\/notidominicanas","https:\/\/www.instagram.com\/ndominicanas\/"]},{"@type":"Person","@id":"https:\/\/noticiasdominicanas.com\/#\/schema\/person\/ee8e756960e116e1f0612f86172c5831","name":"notidom","image":{"@type":"ImageObject","inLanguage":"es","@id":"https:\/\/secure.gravatar.com\/avatar\/f184cef738a2e7a54f4d1f52522b7a733332543fce5bbc31311546a99cd995e1?s=96&d=mm&r=g","url":"https:\/\/secure.gravatar.com\/avatar\/f184cef738a2e7a54f4d1f52522b7a733332543fce5bbc31311546a99cd995e1?s=96&d=mm&r=g","contentUrl":"https:\/\/secure.gravatar.com\/avatar\/f184cef738a2e7a54f4d1f52522b7a733332543fce5bbc31311546a99cd995e1?s=96&d=mm&r=g","caption":"notidom"},"url":"https:\/\/noticiasdominicanas.com\/?author=1"}]}},"jetpack_featured_media_url":"https:\/\/i0.wp.com\/noticiasdominicanas.com\/wp-content\/uploads\/2026\/04\/image-2.png?fit=1052%2C512&ssl=1","jetpack_sharing_enabled":true,"_links":{"self":[{"href":"https:\/\/noticiasdominicanas.com\/index.php?rest_route=\/wp\/v2\/posts\/19900","targetHints":{"allow":["GET"]}}],"collection":[{"href":"https:\/\/noticiasdominicanas.com\/index.php?rest_route=\/wp\/v2\/posts"}],"about":[{"href":"https:\/\/noticiasdominicanas.com\/index.php?rest_route=\/wp\/v2\/types\/post"}],"author":[{"embeddable":true,"href":"https:\/\/noticiasdominicanas.com\/index.php?rest_route=\/wp\/v2\/users\/1"}],"replies":[{"embeddable":true,"href":"https:\/\/noticiasdominicanas.com\/index.php?rest_route=%2Fwp%2Fv2%2Fcomments&post=19900"}],"version-history":[{"count":1,"href":"https:\/\/noticiasdominicanas.com\/index.php?rest_route=\/wp\/v2\/posts\/19900\/revisions"}],"predecessor-version":[{"id":19902,"href":"https:\/\/noticiasdominicanas.com\/index.php?rest_route=\/wp\/v2\/posts\/19900\/revisions\/19902"}],"wp:featuredmedia":[{"embeddable":true,"href":"https:\/\/noticiasdominicanas.com\/index.php?rest_route=\/wp\/v2\/media\/19901"}],"wp:attachment":[{"href":"https:\/\/noticiasdominicanas.com\/index.php?rest_route=%2Fwp%2Fv2%2Fmedia&parent=19900"}],"wp:term":[{"taxonomy":"category","embeddable":true,"href":"https:\/\/noticiasdominicanas.com\/index.php?rest_route=%2Fwp%2Fv2%2Fcategories&post=19900"},{"taxonomy":"post_tag","embeddable":true,"href":"https:\/\/noticiasdominicanas.com\/index.php?rest_route=%2Fwp%2Fv2%2Ftags&post=19900"}],"curies":[{"name":"wp","href":"https:\/\/api.w.org\/{rel}","templated":true}]}}