{"id":19894,"date":"2026-04-28T20:43:03","date_gmt":"2026-04-29T00:43:03","guid":{"rendered":"https:\/\/noticiasdominicanas.com\/?p=19894"},"modified":"2026-04-28T21:14:57","modified_gmt":"2026-04-29T01:14:57","slug":"infotep-y-minerd-inician-articulacion-con-distritos-educativos-de-santiago-para-iniciar-bachillerato-con-formacion-tecnica","status":"publish","type":"post","link":"https:\/\/noticiasdominicanas.com\/?p=19894","title":{"rendered":"INFOTEP y MINERD inician articulaci\u00f3n con distritos educativos de Santiago para iniciar bachillerato con formaci\u00f3n t\u00e9cnica"},"content":{"rendered":"<blockquote><p>La iniciativa permitir\u00e1 que estudiantes del nivel secundario egresen con una titulaci\u00f3n t\u00e9cnica, fortaleciendo sus oportunidades de empleo y emprendimiento.<\/p><\/blockquote>\n<p><strong>Santiago de los Caballeros, R.D. &#8211;<\/strong>El Instituto Nacional de Formaci\u00f3n T\u00e9cnico Profesional (INFOTEP) y el Ministerio de Educaci\u00f3n de la Rep\u00fablica Dominicana (MINERD) iniciaron en Santiago la fase de articulaci\u00f3n con los distritos educativos, como parte de la implementaci\u00f3n del acuerdo interinstitucional que busca integrar la formaci\u00f3n t\u00e9cnico profesional en el nivel secundario.<\/p>\n<p>En ese contexto, la directora general del INFOTEP, Maira Morla Pineda valor\u00f3 el inicio de esta fase de implementaci\u00f3n como un avance significativo para el fortalecimiento del sistema formativo nacional.<\/p>\n<p>Se\u00f1al\u00f3 que la articulaci\u00f3n entre el bachillerato y la formaci\u00f3n t\u00e9cnico profesional permitir\u00e1 a los j\u00f3venes desarrollar competencias pertinentes a las demandas del sector productivo, al tiempo que ampl\u00eda sus oportunidades de inserci\u00f3n laboral y emprendimiento, contribuyendo as\u00ed al desarrollo sostenible del pa\u00eds. El mensaje fue comunicado por intermedio de la directora de la Regional Cibao Norte del INFOTEP Desoaris D\u00b4Aza.<\/p>\n<p>Asimismo, D\u2019Aza, destac\u00f3 la importancia de este proceso de articulaci\u00f3n, al considerar que \u201cla integraci\u00f3n de la formaci\u00f3n t\u00e9cnica en el bachillerato representa un paso trascendental para fortalecer las competencias de los j\u00f3venes y responder a las demandas del sector productivo\u201d.<\/p>\n<p>Indic\u00f3 que esta iniciativa impactar\u00e1 centros educativos, polit\u00e9cnicos, programas de educaci\u00f3n de personas j\u00f3venes y adultas (PREPARA) y escuelas laborales, ampliando el alcance de la capacitaci\u00f3n t\u00e9cnica en la regi\u00f3n.<\/p>\n<p>De su lado, el director regional de Educaci\u00f3n 08-00, Pedro Pablo Marte, valor\u00f3 el inicio de estos trabajos como un avance estrat\u00e9gico para el sistema educativo, al tiempo que subray\u00f3 la necesidad de identificar las particularidades de cada distrito para garantizar una implementaci\u00f3n efectiva del programa.<\/p>\n<p>Este proceso tiene como objetivo que los estudiantes del bachillerato puedan egresar, de manera simult\u00e1nea, con su t\u00edtulo acad\u00e9mico y una certificaci\u00f3n t\u00e9cnica, comenzando con los tres primeros niveles de la formaci\u00f3n t\u00e9cnico profesional, lo que ampl\u00eda sus posibilidades de inserci\u00f3n laboral y desarrollo productivo.<\/p>\n<p>La jornada de trabajo reuni\u00f3 a representantes de ambas instituciones, quienes socializaron las l\u00edneas de acci\u00f3n del convenio y definieron los mecanismos para su ejecuci\u00f3n en los distintos distritos educativos de la provincia de Santiago.<\/p>\n<p>Como parte de los pr\u00f3ximos pasos, el equipo t\u00e9cnico del INFOTEP realizar\u00e1 visitas a los centros educativos para levantar informaci\u00f3n clave que permita adaptar la oferta de formaci\u00f3n t\u00e9cnico profesional a las necesidades espec\u00edficas de cada territorio, en coherencia con los lineamientos del sistema educativo nacional.<\/p>\n<p>La iniciativa forma parte del compromiso asumido por ambas instituciones de impulsar pol\u00edticas p\u00fablicas que favorezcan la formaci\u00f3n integral de los j\u00f3venes, alineando la educaci\u00f3n secundaria con las demandas del mercado laboral y el desarrollo del pa\u00eds.<\/p>\n","protected":false},"excerpt":{"rendered":"<p>En ese contexto, la directora general del INFOTEP, Maira Morla Pineda valor\u00f3 el inicio de esta fase de implementaci\u00f3n como un avance significativo para el fortalecimiento del sistema formativo nacional.<\/p>\n","protected":false},"author":1,"featured_media":19895,"comment_status":"closed","ping_status":"closed","sticky":false,"template":"","format":"standard","meta":{"_jetpack_memberships_contains_paid_content":false,"footnotes":""},"categories":[17,10],"tags":[1390,1947],"class_list":["post-19894","post","type-post","status-publish","format-standard","has-post-thumbnail","hentry","category-cibao","category-santiago","tag-infotep","tag-minerd"],"yoast_head":"<!-- This site is optimized with the Yoast SEO plugin v27.5 - https:\/\/yoast.com\/product\/yoast-seo-wordpress\/ -->\n<title>INFOTEP y MINERD inician articulaci\u00f3n con distritos educativos de Santiago para iniciar bachillerato con formaci\u00f3n t\u00e9cnica - Noticias Dominicanas<\/title>\n<meta name=\"description\" content=\"En ese contexto, la directora general del INFOTEP, Maira Morla Pineda valor\u00f3 el inicio de esta fase de implementaci\u00f3n como un avance significativo para el fortalecimiento del sistema formativo nacional.\" \/>\n<meta name=\"robots\" content=\"index, follow, max-snippet:-1, max-image-preview:large, max-video-preview:-1\" \/>\n<link rel=\"canonical\" href=\"https:\/\/noticiasdominicanas.com\/?p=19894\" \/>\n<meta property=\"og:locale\" content=\"es_ES\" \/>\n<meta property=\"og:type\" content=\"article\" \/>\n<meta property=\"og:title\" content=\"INFOTEP y MINERD inician articulaci\u00f3n con distritos educativos de Santiago para iniciar bachillerato con formaci\u00f3n t\u00e9cnica - Noticias Dominicanas\" \/>\n<meta property=\"og:description\" content=\"En ese contexto, la directora general del INFOTEP, Maira Morla Pineda valor\u00f3 el inicio de esta fase de implementaci\u00f3n como un avance significativo para el fortalecimiento del sistema formativo nacional.\" \/>\n<meta property=\"og:url\" content=\"https:\/\/noticiasdominicanas.com\/?p=19894\" \/>\n<meta property=\"og:site_name\" content=\"Noticias Dominicanas\" \/>\n<meta property=\"article:publisher\" content=\"https:\/\/www.facebook.com\/notidominicanas\" \/>\n<meta property=\"article:published_time\" content=\"2026-04-29T00:43:03+00:00\" \/>\n<meta property=\"article:modified_time\" content=\"2026-04-29T01:14:57+00:00\" \/>\n<meta property=\"og:image\" content=\"https:\/\/noticiasdominicanas.com\/wp-content\/uploads\/2026\/04\/WhatsApp-Image-2026-04-28-at-10.05.53-AM.jpeg\" \/>\n\t<meta property=\"og:image:width\" content=\"1466\" \/>\n\t<meta property=\"og:image:height\" content=\"966\" \/>\n\t<meta property=\"og:image:type\" content=\"image\/jpeg\" \/>\n<meta name=\"author\" content=\"notidom\" \/>\n<meta name=\"twitter:card\" content=\"summary_large_image\" \/>\n<meta name=\"twitter:creator\" content=\"@notidominicanas\" \/>\n<meta name=\"twitter:site\" content=\"@notidominicanas\" \/>\n<meta name=\"twitter:label1\" content=\"Escrito por\" \/>\n\t<meta name=\"twitter:data1\" content=\"notidom\" \/>\n\t<meta name=\"twitter:label2\" content=\"Tiempo de lectura\" \/>\n\t<meta name=\"twitter:data2\" content=\"3 minutos\" \/>\n<script type=\"application\/ld+json\" class=\"yoast-schema-graph\">{\"@context\":\"https:\\\/\\\/schema.org\",\"@graph\":[{\"@type\":\"Article\",\"@id\":\"https:\\\/\\\/noticiasdominicanas.com\\\/?p=19894#article\",\"isPartOf\":{\"@id\":\"https:\\\/\\\/noticiasdominicanas.com\\\/?p=19894\"},\"author\":{\"name\":\"notidom\",\"@id\":\"https:\\\/\\\/noticiasdominicanas.com\\\/#\\\/schema\\\/person\\\/ee8e756960e116e1f0612f86172c5831\"},\"headline\":\"INFOTEP y MINERD inician articulaci\u00f3n con distritos educativos de Santiago para iniciar bachillerato con formaci\u00f3n t\u00e9cnica\",\"datePublished\":\"2026-04-29T00:43:03+00:00\",\"dateModified\":\"2026-04-29T01:14:57+00:00\",\"mainEntityOfPage\":{\"@id\":\"https:\\\/\\\/noticiasdominicanas.com\\\/?p=19894\"},\"wordCount\":523,\"publisher\":{\"@id\":\"https:\\\/\\\/noticiasdominicanas.com\\\/#organization\"},\"image\":{\"@id\":\"https:\\\/\\\/noticiasdominicanas.com\\\/?p=19894#primaryimage\"},\"thumbnailUrl\":\"https:\\\/\\\/i0.wp.com\\\/noticiasdominicanas.com\\\/wp-content\\\/uploads\\\/2026\\\/04\\\/WhatsApp-Image-2026-04-28-at-10.05.53-AM.jpeg?fit=1466%2C966&ssl=1\",\"keywords\":[\"INFOTEP\",\"MINERD\"],\"articleSection\":[\"Cibao\",\"Santiago\"],\"inLanguage\":\"es\"},{\"@type\":\"WebPage\",\"@id\":\"https:\\\/\\\/noticiasdominicanas.com\\\/?p=19894\",\"url\":\"https:\\\/\\\/noticiasdominicanas.com\\\/?p=19894\",\"name\":\"INFOTEP y MINERD inician articulaci\u00f3n con distritos educativos de Santiago para iniciar bachillerato con formaci\u00f3n t\u00e9cnica - Noticias Dominicanas\",\"isPartOf\":{\"@id\":\"https:\\\/\\\/noticiasdominicanas.com\\\/#website\"},\"primaryImageOfPage\":{\"@id\":\"https:\\\/\\\/noticiasdominicanas.com\\\/?p=19894#primaryimage\"},\"image\":{\"@id\":\"https:\\\/\\\/noticiasdominicanas.com\\\/?p=19894#primaryimage\"},\"thumbnailUrl\":\"https:\\\/\\\/i0.wp.com\\\/noticiasdominicanas.com\\\/wp-content\\\/uploads\\\/2026\\\/04\\\/WhatsApp-Image-2026-04-28-at-10.05.53-AM.jpeg?fit=1466%2C966&ssl=1\",\"datePublished\":\"2026-04-29T00:43:03+00:00\",\"dateModified\":\"2026-04-29T01:14:57+00:00\",\"description\":\"En ese contexto, la directora general del INFOTEP, Maira Morla Pineda valor\u00f3 el inicio de esta fase de implementaci\u00f3n como un avance significativo para el fortalecimiento del sistema formativo nacional.\",\"breadcrumb\":{\"@id\":\"https:\\\/\\\/noticiasdominicanas.com\\\/?p=19894#breadcrumb\"},\"inLanguage\":\"es\",\"potentialAction\":[{\"@type\":\"ReadAction\",\"target\":[\"https:\\\/\\\/noticiasdominicanas.com\\\/?p=19894\"]}]},{\"@type\":\"ImageObject\",\"inLanguage\":\"es\",\"@id\":\"https:\\\/\\\/noticiasdominicanas.com\\\/?p=19894#primaryimage\",\"url\":\"https:\\\/\\\/i0.wp.com\\\/noticiasdominicanas.com\\\/wp-content\\\/uploads\\\/2026\\\/04\\\/WhatsApp-Image-2026-04-28-at-10.05.53-AM.jpeg?fit=1466%2C966&ssl=1\",\"contentUrl\":\"https:\\\/\\\/i0.wp.com\\\/noticiasdominicanas.com\\\/wp-content\\\/uploads\\\/2026\\\/04\\\/WhatsApp-Image-2026-04-28-at-10.05.53-AM.jpeg?fit=1466%2C966&ssl=1\",\"width\":1466,\"height\":966},{\"@type\":\"BreadcrumbList\",\"@id\":\"https:\\\/\\\/noticiasdominicanas.com\\\/?p=19894#breadcrumb\",\"itemListElement\":[{\"@type\":\"ListItem\",\"position\":1,\"name\":\"Home\",\"item\":\"https:\\\/\\\/noticiasdominicanas.com\\\/\"},{\"@type\":\"ListItem\",\"position\":2,\"name\":\"INFOTEP y MINERD inician articulaci\u00f3n con distritos educativos de Santiago para iniciar bachillerato con formaci\u00f3n t\u00e9cnica\"}]},{\"@type\":\"WebSite\",\"@id\":\"https:\\\/\\\/noticiasdominicanas.com\\\/#website\",\"url\":\"https:\\\/\\\/noticiasdominicanas.com\\\/\",\"name\":\"Noticias Dominicanas\",\"description\":\"Noticias y opiniones desde Rep\u00fablica Dominicana\",\"publisher\":{\"@id\":\"https:\\\/\\\/noticiasdominicanas.com\\\/#organization\"},\"potentialAction\":[{\"@type\":\"SearchAction\",\"target\":{\"@type\":\"EntryPoint\",\"urlTemplate\":\"https:\\\/\\\/noticiasdominicanas.com\\\/?s={search_term_string}\"},\"query-input\":{\"@type\":\"PropertyValueSpecification\",\"valueRequired\":true,\"valueName\":\"search_term_string\"}}],\"inLanguage\":\"es\"},{\"@type\":\"Organization\",\"@id\":\"https:\\\/\\\/noticiasdominicanas.com\\\/#organization\",\"name\":\"Noticias Dominicanas\",\"url\":\"https:\\\/\\\/noticiasdominicanas.com\\\/\",\"logo\":{\"@type\":\"ImageObject\",\"inLanguage\":\"es\",\"@id\":\"https:\\\/\\\/noticiasdominicanas.com\\\/#\\\/schema\\\/logo\\\/image\\\/\",\"url\":\"https:\\\/\\\/i0.wp.com\\\/noticiasdominicanas.com\\\/wp-content\\\/uploads\\\/2013\\\/12\\\/logo-noticias-dominicanas-web.png?fit=380%2C100&ssl=1\",\"contentUrl\":\"https:\\\/\\\/i0.wp.com\\\/noticiasdominicanas.com\\\/wp-content\\\/uploads\\\/2013\\\/12\\\/logo-noticias-dominicanas-web.png?fit=380%2C100&ssl=1\",\"width\":380,\"height\":100,\"caption\":\"Noticias Dominicanas\"},\"image\":{\"@id\":\"https:\\\/\\\/noticiasdominicanas.com\\\/#\\\/schema\\\/logo\\\/image\\\/\"},\"sameAs\":[\"https:\\\/\\\/www.facebook.com\\\/notidominicanas\",\"https:\\\/\\\/x.com\\\/notidominicanas\",\"https:\\\/\\\/www.instagram.com\\\/ndominicanas\\\/\"]},{\"@type\":\"Person\",\"@id\":\"https:\\\/\\\/noticiasdominicanas.com\\\/#\\\/schema\\\/person\\\/ee8e756960e116e1f0612f86172c5831\",\"name\":\"notidom\",\"image\":{\"@type\":\"ImageObject\",\"inLanguage\":\"es\",\"@id\":\"https:\\\/\\\/secure.gravatar.com\\\/avatar\\\/f184cef738a2e7a54f4d1f52522b7a733332543fce5bbc31311546a99cd995e1?s=96&d=mm&r=g\",\"url\":\"https:\\\/\\\/secure.gravatar.com\\\/avatar\\\/f184cef738a2e7a54f4d1f52522b7a733332543fce5bbc31311546a99cd995e1?s=96&d=mm&r=g\",\"contentUrl\":\"https:\\\/\\\/secure.gravatar.com\\\/avatar\\\/f184cef738a2e7a54f4d1f52522b7a733332543fce5bbc31311546a99cd995e1?s=96&d=mm&r=g\",\"caption\":\"notidom\"},\"url\":\"https:\\\/\\\/noticiasdominicanas.com\\\/?author=1\"}]}<\/script>\n<!-- \/ Yoast SEO plugin. -->","yoast_head_json":{"title":"INFOTEP y MINERD inician articulaci\u00f3n con distritos educativos de Santiago para iniciar bachillerato con formaci\u00f3n t\u00e9cnica - Noticias Dominicanas","description":"En ese contexto, la directora general del INFOTEP, Maira Morla Pineda valor\u00f3 el inicio de esta fase de implementaci\u00f3n como un avance significativo para el fortalecimiento del sistema formativo nacional.","robots":{"index":"index","follow":"follow","max-snippet":"max-snippet:-1","max-image-preview":"max-image-preview:large","max-video-preview":"max-video-preview:-1"},"canonical":"https:\/\/noticiasdominicanas.com\/?p=19894","og_locale":"es_ES","og_type":"article","og_title":"INFOTEP y MINERD inician articulaci\u00f3n con distritos educativos de Santiago para iniciar bachillerato con formaci\u00f3n t\u00e9cnica - Noticias Dominicanas","og_description":"En ese contexto, la directora general del INFOTEP, Maira Morla Pineda valor\u00f3 el inicio de esta fase de implementaci\u00f3n como un avance significativo para el fortalecimiento del sistema formativo nacional.","og_url":"https:\/\/noticiasdominicanas.com\/?p=19894","og_site_name":"Noticias Dominicanas","article_publisher":"https:\/\/www.facebook.com\/notidominicanas","article_published_time":"2026-04-29T00:43:03+00:00","article_modified_time":"2026-04-29T01:14:57+00:00","og_image":[{"width":1466,"height":966,"url":"https:\/\/noticiasdominicanas.com\/wp-content\/uploads\/2026\/04\/WhatsApp-Image-2026-04-28-at-10.05.53-AM.jpeg","type":"image\/jpeg"}],"author":"notidom","twitter_card":"summary_large_image","twitter_creator":"@notidominicanas","twitter_site":"@notidominicanas","twitter_misc":{"Escrito por":"notidom","Tiempo de lectura":"3 minutos"},"schema":{"@context":"https:\/\/schema.org","@graph":[{"@type":"Article","@id":"https:\/\/noticiasdominicanas.com\/?p=19894#article","isPartOf":{"@id":"https:\/\/noticiasdominicanas.com\/?p=19894"},"author":{"name":"notidom","@id":"https:\/\/noticiasdominicanas.com\/#\/schema\/person\/ee8e756960e116e1f0612f86172c5831"},"headline":"INFOTEP y MINERD inician articulaci\u00f3n con distritos educativos de Santiago para iniciar bachillerato con formaci\u00f3n t\u00e9cnica","datePublished":"2026-04-29T00:43:03+00:00","dateModified":"2026-04-29T01:14:57+00:00","mainEntityOfPage":{"@id":"https:\/\/noticiasdominicanas.com\/?p=19894"},"wordCount":523,"publisher":{"@id":"https:\/\/noticiasdominicanas.com\/#organization"},"image":{"@id":"https:\/\/noticiasdominicanas.com\/?p=19894#primaryimage"},"thumbnailUrl":"https:\/\/i0.wp.com\/noticiasdominicanas.com\/wp-content\/uploads\/2026\/04\/WhatsApp-Image-2026-04-28-at-10.05.53-AM.jpeg?fit=1466%2C966&ssl=1","keywords":["INFOTEP","MINERD"],"articleSection":["Cibao","Santiago"],"inLanguage":"es"},{"@type":"WebPage","@id":"https:\/\/noticiasdominicanas.com\/?p=19894","url":"https:\/\/noticiasdominicanas.com\/?p=19894","name":"INFOTEP y MINERD inician articulaci\u00f3n con distritos educativos de Santiago para iniciar bachillerato con formaci\u00f3n t\u00e9cnica - Noticias Dominicanas","isPartOf":{"@id":"https:\/\/noticiasdominicanas.com\/#website"},"primaryImageOfPage":{"@id":"https:\/\/noticiasdominicanas.com\/?p=19894#primaryimage"},"image":{"@id":"https:\/\/noticiasdominicanas.com\/?p=19894#primaryimage"},"thumbnailUrl":"https:\/\/i0.wp.com\/noticiasdominicanas.com\/wp-content\/uploads\/2026\/04\/WhatsApp-Image-2026-04-28-at-10.05.53-AM.jpeg?fit=1466%2C966&ssl=1","datePublished":"2026-04-29T00:43:03+00:00","dateModified":"2026-04-29T01:14:57+00:00","description":"En ese contexto, la directora general del INFOTEP, Maira Morla Pineda valor\u00f3 el inicio de esta fase de implementaci\u00f3n como un avance significativo para el fortalecimiento del sistema formativo nacional.","breadcrumb":{"@id":"https:\/\/noticiasdominicanas.com\/?p=19894#breadcrumb"},"inLanguage":"es","potentialAction":[{"@type":"ReadAction","target":["https:\/\/noticiasdominicanas.com\/?p=19894"]}]},{"@type":"ImageObject","inLanguage":"es","@id":"https:\/\/noticiasdominicanas.com\/?p=19894#primaryimage","url":"https:\/\/i0.wp.com\/noticiasdominicanas.com\/wp-content\/uploads\/2026\/04\/WhatsApp-Image-2026-04-28-at-10.05.53-AM.jpeg?fit=1466%2C966&ssl=1","contentUrl":"https:\/\/i0.wp.com\/noticiasdominicanas.com\/wp-content\/uploads\/2026\/04\/WhatsApp-Image-2026-04-28-at-10.05.53-AM.jpeg?fit=1466%2C966&ssl=1","width":1466,"height":966},{"@type":"BreadcrumbList","@id":"https:\/\/noticiasdominicanas.com\/?p=19894#breadcrumb","itemListElement":[{"@type":"ListItem","position":1,"name":"Home","item":"https:\/\/noticiasdominicanas.com\/"},{"@type":"ListItem","position":2,"name":"INFOTEP y MINERD inician articulaci\u00f3n con distritos educativos de Santiago para iniciar bachillerato con formaci\u00f3n t\u00e9cnica"}]},{"@type":"WebSite","@id":"https:\/\/noticiasdominicanas.com\/#website","url":"https:\/\/noticiasdominicanas.com\/","name":"Noticias Dominicanas","description":"Noticias y opiniones desde Rep\u00fablica Dominicana","publisher":{"@id":"https:\/\/noticiasdominicanas.com\/#organization"},"potentialAction":[{"@type":"SearchAction","target":{"@type":"EntryPoint","urlTemplate":"https:\/\/noticiasdominicanas.com\/?s={search_term_string}"},"query-input":{"@type":"PropertyValueSpecification","valueRequired":true,"valueName":"search_term_string"}}],"inLanguage":"es"},{"@type":"Organization","@id":"https:\/\/noticiasdominicanas.com\/#organization","name":"Noticias Dominicanas","url":"https:\/\/noticiasdominicanas.com\/","logo":{"@type":"ImageObject","inLanguage":"es","@id":"https:\/\/noticiasdominicanas.com\/#\/schema\/logo\/image\/","url":"https:\/\/i0.wp.com\/noticiasdominicanas.com\/wp-content\/uploads\/2013\/12\/logo-noticias-dominicanas-web.png?fit=380%2C100&ssl=1","contentUrl":"https:\/\/i0.wp.com\/noticiasdominicanas.com\/wp-content\/uploads\/2013\/12\/logo-noticias-dominicanas-web.png?fit=380%2C100&ssl=1","width":380,"height":100,"caption":"Noticias Dominicanas"},"image":{"@id":"https:\/\/noticiasdominicanas.com\/#\/schema\/logo\/image\/"},"sameAs":["https:\/\/www.facebook.com\/notidominicanas","https:\/\/x.com\/notidominicanas","https:\/\/www.instagram.com\/ndominicanas\/"]},{"@type":"Person","@id":"https:\/\/noticiasdominicanas.com\/#\/schema\/person\/ee8e756960e116e1f0612f86172c5831","name":"notidom","image":{"@type":"ImageObject","inLanguage":"es","@id":"https:\/\/secure.gravatar.com\/avatar\/f184cef738a2e7a54f4d1f52522b7a733332543fce5bbc31311546a99cd995e1?s=96&d=mm&r=g","url":"https:\/\/secure.gravatar.com\/avatar\/f184cef738a2e7a54f4d1f52522b7a733332543fce5bbc31311546a99cd995e1?s=96&d=mm&r=g","contentUrl":"https:\/\/secure.gravatar.com\/avatar\/f184cef738a2e7a54f4d1f52522b7a733332543fce5bbc31311546a99cd995e1?s=96&d=mm&r=g","caption":"notidom"},"url":"https:\/\/noticiasdominicanas.com\/?author=1"}]}},"jetpack_featured_media_url":"https:\/\/i0.wp.com\/noticiasdominicanas.com\/wp-content\/uploads\/2026\/04\/WhatsApp-Image-2026-04-28-at-10.05.53-AM.jpeg?fit=1466%2C966&ssl=1","jetpack_sharing_enabled":true,"_links":{"self":[{"href":"https:\/\/noticiasdominicanas.com\/index.php?rest_route=\/wp\/v2\/posts\/19894","targetHints":{"allow":["GET"]}}],"collection":[{"href":"https:\/\/noticiasdominicanas.com\/index.php?rest_route=\/wp\/v2\/posts"}],"about":[{"href":"https:\/\/noticiasdominicanas.com\/index.php?rest_route=\/wp\/v2\/types\/post"}],"author":[{"embeddable":true,"href":"https:\/\/noticiasdominicanas.com\/index.php?rest_route=\/wp\/v2\/users\/1"}],"replies":[{"embeddable":true,"href":"https:\/\/noticiasdominicanas.com\/index.php?rest_route=%2Fwp%2Fv2%2Fcomments&post=19894"}],"version-history":[{"count":4,"href":"https:\/\/noticiasdominicanas.com\/index.php?rest_route=\/wp\/v2\/posts\/19894\/revisions"}],"predecessor-version":[{"id":19899,"href":"https:\/\/noticiasdominicanas.com\/index.php?rest_route=\/wp\/v2\/posts\/19894\/revisions\/19899"}],"wp:featuredmedia":[{"embeddable":true,"href":"https:\/\/noticiasdominicanas.com\/index.php?rest_route=\/wp\/v2\/media\/19895"}],"wp:attachment":[{"href":"https:\/\/noticiasdominicanas.com\/index.php?rest_route=%2Fwp%2Fv2%2Fmedia&parent=19894"}],"wp:term":[{"taxonomy":"category","embeddable":true,"href":"https:\/\/noticiasdominicanas.com\/index.php?rest_route=%2Fwp%2Fv2%2Fcategories&post=19894"},{"taxonomy":"post_tag","embeddable":true,"href":"https:\/\/noticiasdominicanas.com\/index.php?rest_route=%2Fwp%2Fv2%2Ftags&post=19894"}],"curies":[{"name":"wp","href":"https:\/\/api.w.org\/{rel}","templated":true}]}}