{"id":19891,"date":"2026-04-28T18:30:08","date_gmt":"2026-04-28T22:30:08","guid":{"rendered":"https:\/\/noticiasdominicanas.com\/?p=19891"},"modified":"2026-04-28T18:32:24","modified_gmt":"2026-04-28T22:32:24","slug":"iglesia-catolica-respalda-defensa-ambiental-y-rechaza-mineria-en-cordilleras-dominicanas","status":"publish","type":"post","link":"https:\/\/noticiasdominicanas.com\/?p=19891","title":{"rendered":"Iglesia cat\u00f3lica respalda defensa ambiental y rechaza miner\u00eda en cordilleras dominicanas"},"content":{"rendered":"<p data-start=\"94\" data-end=\"469\"><strong>Santo Domingo, R.D. \u2013<\/strong> La <span class=\"hover:entity-accent entity-underline inline cursor-pointer align-baseline\"><span class=\"whitespace-normal\">Comisi\u00f3n Nacional de Pastoral de Ecolog\u00eda y Medio Ambiente<\/span><\/span>, adscrita a la <span class=\"hover:entity-accent entity-underline inline cursor-pointer align-baseline\"><span class=\"whitespace-normal\">Conferencia del Episcopado Dominicano<\/span><\/span>, manifest\u00f3 este martes su apoyo a las comunidades que promueven de manera pac\u00edfica la preservaci\u00f3n de las cordilleras Central y Septentrional, frente a posibles proyectos mineros que, seg\u00fan advierten, podr\u00edan afectar gravemente los recursos h\u00eddricos del pa\u00eds.<\/p>\n<p data-start=\"471\" data-end=\"953\">Mediante un comunicado fechado el 28 de abril de 2026, la entidad eclesial expres\u00f3 su preocupaci\u00f3n por el impacto que tendr\u00eda la actividad minera en zonas monta\u00f1osas clave para el equilibrio ambiental. Se\u00f1al\u00f3 que estas \u00e1reas funcionan como grandes reservorios naturales de agua, esenciales para el consumo humano, la agricultura y los ecosistemas, por lo que cualquier intervenci\u00f3n podr\u00eda comprometer la calidad y disponibilidad del recurso para las actuales y futuras generaciones.<\/p>\n<p data-start=\"955\" data-end=\"1307\">La comisi\u00f3n tambi\u00e9n hizo referencia a la enc\u00edclica <span class=\"hover:entity-accent entity-underline inline cursor-pointer align-baseline\"><span class=\"whitespace-normal\">Laudato Si&#8217;<\/span><\/span>, en la que el <span class=\"hover:entity-accent entity-underline inline cursor-pointer align-baseline\"><span class=\"whitespace-normal\">Papa Francisco<\/span><\/span> resalta el cuidado de la \u201ccasa com\u00fan\u201d como una responsabilidad colectiva. En ese sentido, indicaron que proteger las monta\u00f1as y fuentes de agua constituye una acci\u00f3n leg\u00edtima y un reclamo justo de la ciudadan\u00eda.<\/p>\n<p data-start=\"1309\" data-end=\"1660\">Asimismo, advirtieron que las actividades mineras implican remoci\u00f3n de suelos, uso de sustancias qu\u00edmicas y generaci\u00f3n de desechos t\u00f3xicos que pueden contaminar r\u00edos y acu\u00edferos, adem\u00e1s de alterar los ecosistemas. Como ejemplo, mencionaron la situaci\u00f3n de la <span class=\"hover:entity-accent entity-underline inline cursor-pointer align-baseline\"><span class=\"whitespace-normal\">Presa de Hatillo<\/span><\/span>, considerada el principal reservorio de agua del pa\u00eds.<\/p>\n<p data-start=\"1662\" data-end=\"2102\" data-is-last-node=\"\" data-is-only-node=\"\">Finalmente, la Pastoral de Ecolog\u00eda reiter\u00f3 su compromiso con un modelo de desarrollo sostenible que armonice el crecimiento econ\u00f3mico con la protecci\u00f3n ambiental. En ese contexto, inst\u00f3 a las autoridades a priorizar el agua como criterio fundamental en la toma de decisiones sobre proyectos extractivos y a fomentar el di\u00e1logo entre el Estado y las comunidades para garantizar soluciones que salvaguarden la vida y el equilibrio ec<\/p>\n","protected":false},"excerpt":{"rendered":"<p>Mediante un comunicado fechado el 28 de abril de 2026, la entidad eclesial expres\u00f3 su preocupaci\u00f3n por el impacto que tendr\u00eda la actividad minera en zonas monta\u00f1osas clave para el equilibrio ambiental. Se\u00f1al\u00f3 que estas \u00e1reas funcionan como grandes reservorios naturales de agua, esenciales para el consumo humano, la agricultura y los ecosistemas, por lo que cualquier intervenci\u00f3n podr\u00eda comprometer la calidad y disponibilidad del recurso para las actuales y futuras generaciones.<\/p>\n","protected":false},"author":2,"featured_media":19892,"comment_status":"closed","ping_status":"closed","sticky":false,"template":"","format":"standard","meta":{"_jetpack_memberships_contains_paid_content":false,"footnotes":""},"categories":[21,3],"tags":[3528],"class_list":["post-19891","post","type-post","status-publish","format-standard","has-post-thumbnail","hentry","category-medio-ambiente","category-nacionales","tag-iglesia-catolica"],"yoast_head":"<!-- This site is optimized with the Yoast SEO plugin v27.5 - https:\/\/yoast.com\/product\/yoast-seo-wordpress\/ -->\n<title>Iglesia cat\u00f3lica respalda defensa ambiental y rechaza miner\u00eda en cordilleras dominicanas - Noticias Dominicanas<\/title>\n<meta name=\"description\" content=\"Mediante un comunicado fechado el 28 de abril de 2026, la entidad eclesial expres\u00f3 su preocupaci\u00f3n por el impacto que tendr\u00eda la actividad minera en zonas monta\u00f1osas clave para el equilibrio ambiental. Se\u00f1al\u00f3 que estas \u00e1reas funcionan como grandes reservorios naturales de agua, esenciales para el consumo humano, la agricultura y los ecosistemas, por lo que cualquier intervenci\u00f3n podr\u00eda comprometer la calidad y disponibilidad del recurso para las actuales y futuras generaciones.\" \/>\n<meta name=\"robots\" content=\"index, follow, max-snippet:-1, max-image-preview:large, max-video-preview:-1\" \/>\n<link rel=\"canonical\" href=\"https:\/\/noticiasdominicanas.com\/?p=19891\" \/>\n<meta property=\"og:locale\" content=\"es_ES\" \/>\n<meta property=\"og:type\" content=\"article\" \/>\n<meta property=\"og:title\" content=\"Iglesia cat\u00f3lica respalda defensa ambiental y rechaza miner\u00eda en cordilleras dominicanas - Noticias Dominicanas\" \/>\n<meta property=\"og:description\" content=\"Mediante un comunicado fechado el 28 de abril de 2026, la entidad eclesial expres\u00f3 su preocupaci\u00f3n por el impacto que tendr\u00eda la actividad minera en zonas monta\u00f1osas clave para el equilibrio ambiental. Se\u00f1al\u00f3 que estas \u00e1reas funcionan como grandes reservorios naturales de agua, esenciales para el consumo humano, la agricultura y los ecosistemas, por lo que cualquier intervenci\u00f3n podr\u00eda comprometer la calidad y disponibilidad del recurso para las actuales y futuras generaciones.\" \/>\n<meta property=\"og:url\" content=\"https:\/\/noticiasdominicanas.com\/?p=19891\" \/>\n<meta property=\"og:site_name\" content=\"Noticias Dominicanas\" \/>\n<meta property=\"article:publisher\" content=\"https:\/\/www.facebook.com\/notidominicanas\" \/>\n<meta property=\"article:author\" content=\"https:\/\/www.facebook.com\/Nelsonreyesestrella\" \/>\n<meta property=\"article:published_time\" content=\"2026-04-28T22:30:08+00:00\" \/>\n<meta property=\"article:modified_time\" content=\"2026-04-28T22:32:24+00:00\" \/>\n<meta property=\"og:image\" content=\"https:\/\/noticiasdominicanas.com\/wp-content\/uploads\/2026\/04\/WhatsApp-Image-2026-04-28-at-6.27.54-PM.jpeg\" \/>\n\t<meta property=\"og:image:width\" content=\"1200\" \/>\n\t<meta property=\"og:image:height\" content=\"675\" \/>\n\t<meta property=\"og:image:type\" content=\"image\/jpeg\" \/>\n<meta name=\"author\" content=\"Nelson Reyes Estrella\" \/>\n<meta name=\"twitter:card\" content=\"summary_large_image\" \/>\n<meta name=\"twitter:creator\" content=\"@nelsonjre\" \/>\n<meta name=\"twitter:site\" content=\"@notidominicanas\" \/>\n<meta name=\"twitter:label1\" content=\"Escrito por\" \/>\n\t<meta name=\"twitter:data1\" content=\"Nelson Reyes Estrella\" \/>\n\t<meta name=\"twitter:label2\" content=\"Tiempo de lectura\" \/>\n\t<meta name=\"twitter:data2\" content=\"2 minutos\" \/>\n<script type=\"application\/ld+json\" class=\"yoast-schema-graph\">{\"@context\":\"https:\\\/\\\/schema.org\",\"@graph\":[{\"@type\":\"Article\",\"@id\":\"https:\\\/\\\/noticiasdominicanas.com\\\/?p=19891#article\",\"isPartOf\":{\"@id\":\"https:\\\/\\\/noticiasdominicanas.com\\\/?p=19891\"},\"author\":{\"name\":\"Nelson Reyes Estrella\",\"@id\":\"https:\\\/\\\/noticiasdominicanas.com\\\/#\\\/schema\\\/person\\\/cc2997f87c2b01d328305233a3b0095b\"},\"headline\":\"Iglesia cat\u00f3lica respalda defensa ambiental y rechaza miner\u00eda en cordilleras dominicanas\",\"datePublished\":\"2026-04-28T22:30:08+00:00\",\"dateModified\":\"2026-04-28T22:32:24+00:00\",\"mainEntityOfPage\":{\"@id\":\"https:\\\/\\\/noticiasdominicanas.com\\\/?p=19891\"},\"wordCount\":341,\"publisher\":{\"@id\":\"https:\\\/\\\/noticiasdominicanas.com\\\/#organization\"},\"image\":{\"@id\":\"https:\\\/\\\/noticiasdominicanas.com\\\/?p=19891#primaryimage\"},\"thumbnailUrl\":\"https:\\\/\\\/i0.wp.com\\\/noticiasdominicanas.com\\\/wp-content\\\/uploads\\\/2026\\\/04\\\/WhatsApp-Image-2026-04-28-at-6.27.54-PM.jpeg?fit=1200%2C675&ssl=1\",\"keywords\":[\"Iglesia Cat\u00f3lica\"],\"articleSection\":[\"Medio Ambiente\",\"Nacionales\"],\"inLanguage\":\"es\"},{\"@type\":\"WebPage\",\"@id\":\"https:\\\/\\\/noticiasdominicanas.com\\\/?p=19891\",\"url\":\"https:\\\/\\\/noticiasdominicanas.com\\\/?p=19891\",\"name\":\"Iglesia cat\u00f3lica respalda defensa ambiental y rechaza miner\u00eda en cordilleras dominicanas - Noticias Dominicanas\",\"isPartOf\":{\"@id\":\"https:\\\/\\\/noticiasdominicanas.com\\\/#website\"},\"primaryImageOfPage\":{\"@id\":\"https:\\\/\\\/noticiasdominicanas.com\\\/?p=19891#primaryimage\"},\"image\":{\"@id\":\"https:\\\/\\\/noticiasdominicanas.com\\\/?p=19891#primaryimage\"},\"thumbnailUrl\":\"https:\\\/\\\/i0.wp.com\\\/noticiasdominicanas.com\\\/wp-content\\\/uploads\\\/2026\\\/04\\\/WhatsApp-Image-2026-04-28-at-6.27.54-PM.jpeg?fit=1200%2C675&ssl=1\",\"datePublished\":\"2026-04-28T22:30:08+00:00\",\"dateModified\":\"2026-04-28T22:32:24+00:00\",\"description\":\"Mediante un comunicado fechado el 28 de abril de 2026, la entidad eclesial expres\u00f3 su preocupaci\u00f3n por el impacto que tendr\u00eda la actividad minera en zonas monta\u00f1osas clave para el equilibrio ambiental. Se\u00f1al\u00f3 que estas \u00e1reas funcionan como grandes reservorios naturales de agua, esenciales para el consumo humano, la agricultura y los ecosistemas, por lo que cualquier intervenci\u00f3n podr\u00eda comprometer la calidad y disponibilidad del recurso para las actuales y futuras generaciones.\",\"breadcrumb\":{\"@id\":\"https:\\\/\\\/noticiasdominicanas.com\\\/?p=19891#breadcrumb\"},\"inLanguage\":\"es\",\"potentialAction\":[{\"@type\":\"ReadAction\",\"target\":[\"https:\\\/\\\/noticiasdominicanas.com\\\/?p=19891\"]}]},{\"@type\":\"ImageObject\",\"inLanguage\":\"es\",\"@id\":\"https:\\\/\\\/noticiasdominicanas.com\\\/?p=19891#primaryimage\",\"url\":\"https:\\\/\\\/i0.wp.com\\\/noticiasdominicanas.com\\\/wp-content\\\/uploads\\\/2026\\\/04\\\/WhatsApp-Image-2026-04-28-at-6.27.54-PM.jpeg?fit=1200%2C675&ssl=1\",\"contentUrl\":\"https:\\\/\\\/i0.wp.com\\\/noticiasdominicanas.com\\\/wp-content\\\/uploads\\\/2026\\\/04\\\/WhatsApp-Image-2026-04-28-at-6.27.54-PM.jpeg?fit=1200%2C675&ssl=1\",\"width\":1200,\"height\":675},{\"@type\":\"BreadcrumbList\",\"@id\":\"https:\\\/\\\/noticiasdominicanas.com\\\/?p=19891#breadcrumb\",\"itemListElement\":[{\"@type\":\"ListItem\",\"position\":1,\"name\":\"Home\",\"item\":\"https:\\\/\\\/noticiasdominicanas.com\\\/\"},{\"@type\":\"ListItem\",\"position\":2,\"name\":\"Iglesia cat\u00f3lica respalda defensa ambiental y rechaza miner\u00eda en cordilleras dominicanas\"}]},{\"@type\":\"WebSite\",\"@id\":\"https:\\\/\\\/noticiasdominicanas.com\\\/#website\",\"url\":\"https:\\\/\\\/noticiasdominicanas.com\\\/\",\"name\":\"Noticias Dominicanas\",\"description\":\"Noticias y opiniones desde Rep\u00fablica Dominicana\",\"publisher\":{\"@id\":\"https:\\\/\\\/noticiasdominicanas.com\\\/#organization\"},\"potentialAction\":[{\"@type\":\"SearchAction\",\"target\":{\"@type\":\"EntryPoint\",\"urlTemplate\":\"https:\\\/\\\/noticiasdominicanas.com\\\/?s={search_term_string}\"},\"query-input\":{\"@type\":\"PropertyValueSpecification\",\"valueRequired\":true,\"valueName\":\"search_term_string\"}}],\"inLanguage\":\"es\"},{\"@type\":\"Organization\",\"@id\":\"https:\\\/\\\/noticiasdominicanas.com\\\/#organization\",\"name\":\"Noticias Dominicanas\",\"url\":\"https:\\\/\\\/noticiasdominicanas.com\\\/\",\"logo\":{\"@type\":\"ImageObject\",\"inLanguage\":\"es\",\"@id\":\"https:\\\/\\\/noticiasdominicanas.com\\\/#\\\/schema\\\/logo\\\/image\\\/\",\"url\":\"https:\\\/\\\/i0.wp.com\\\/noticiasdominicanas.com\\\/wp-content\\\/uploads\\\/2013\\\/12\\\/logo-noticias-dominicanas-web.png?fit=380%2C100&ssl=1\",\"contentUrl\":\"https:\\\/\\\/i0.wp.com\\\/noticiasdominicanas.com\\\/wp-content\\\/uploads\\\/2013\\\/12\\\/logo-noticias-dominicanas-web.png?fit=380%2C100&ssl=1\",\"width\":380,\"height\":100,\"caption\":\"Noticias Dominicanas\"},\"image\":{\"@id\":\"https:\\\/\\\/noticiasdominicanas.com\\\/#\\\/schema\\\/logo\\\/image\\\/\"},\"sameAs\":[\"https:\\\/\\\/www.facebook.com\\\/notidominicanas\",\"https:\\\/\\\/x.com\\\/notidominicanas\",\"https:\\\/\\\/www.instagram.com\\\/ndominicanas\\\/\"]},{\"@type\":\"Person\",\"@id\":\"https:\\\/\\\/noticiasdominicanas.com\\\/#\\\/schema\\\/person\\\/cc2997f87c2b01d328305233a3b0095b\",\"name\":\"Nelson Reyes Estrella\",\"image\":{\"@type\":\"ImageObject\",\"inLanguage\":\"es\",\"@id\":\"https:\\\/\\\/secure.gravatar.com\\\/avatar\\\/223bda5af001641a73bef9f848869d1ecb5f7b7ae030ba03a385256a420f61a4?s=96&d=mm&r=g\",\"url\":\"https:\\\/\\\/secure.gravatar.com\\\/avatar\\\/223bda5af001641a73bef9f848869d1ecb5f7b7ae030ba03a385256a420f61a4?s=96&d=mm&r=g\",\"contentUrl\":\"https:\\\/\\\/secure.gravatar.com\\\/avatar\\\/223bda5af001641a73bef9f848869d1ecb5f7b7ae030ba03a385256a420f61a4?s=96&d=mm&r=g\",\"caption\":\"Nelson Reyes Estrella\"},\"description\":\"Doctor en Econom\u00eda. Polit\u00f3logo, periodista, abogado y ecologista; con maestr\u00eda en Derecho y Relaciones Internacionales, M\u00e1ster en Seguridad Defensa y Geoestrategia y M\u00e1ster en Gesti\u00f3n de la Comunicaci\u00f3n Pol\u00edtica y Electoral. Docente de la Escuela de Ciencias Pol\u00edticas de la UASD. Contacto: 809-778-3722 \\\/ nelsonreyesestrella@gmail.com \\\/nreyes03@uasd.edu.do\",\"sameAs\":[\"http:\\\/\\\/noticiasdominicanas.com\",\"https:\\\/\\\/www.facebook.com\\\/Nelsonreyesestrella\",\"https:\\\/\\\/www.instagram.com\\\/invites\\\/contact\\\/?i=8c58nxy2m44y&utm_content=rx88b4\",\"https:\\\/\\\/www.linkedin.com\\\/in\\\/nelsonreyesestrella?utm_source=share&utm_campaign=share_via&utm_content=profile&utm_medium=android_app\",\"https:\\\/\\\/x.com\\\/@nelsonjre\",\"youtube.com\\\/channel\\\/UCXjLaVPSsTceF4a2pL4ZJZA\"],\"url\":\"https:\\\/\\\/noticiasdominicanas.com\\\/?author=2\"}]}<\/script>\n<!-- \/ Yoast SEO plugin. -->","yoast_head_json":{"title":"Iglesia cat\u00f3lica respalda defensa ambiental y rechaza miner\u00eda en cordilleras dominicanas - Noticias Dominicanas","description":"Mediante un comunicado fechado el 28 de abril de 2026, la entidad eclesial expres\u00f3 su preocupaci\u00f3n por el impacto que tendr\u00eda la actividad minera en zonas monta\u00f1osas clave para el equilibrio ambiental. Se\u00f1al\u00f3 que estas \u00e1reas funcionan como grandes reservorios naturales de agua, esenciales para el consumo humano, la agricultura y los ecosistemas, por lo que cualquier intervenci\u00f3n podr\u00eda comprometer la calidad y disponibilidad del recurso para las actuales y futuras generaciones.","robots":{"index":"index","follow":"follow","max-snippet":"max-snippet:-1","max-image-preview":"max-image-preview:large","max-video-preview":"max-video-preview:-1"},"canonical":"https:\/\/noticiasdominicanas.com\/?p=19891","og_locale":"es_ES","og_type":"article","og_title":"Iglesia cat\u00f3lica respalda defensa ambiental y rechaza miner\u00eda en cordilleras dominicanas - Noticias Dominicanas","og_description":"Mediante un comunicado fechado el 28 de abril de 2026, la entidad eclesial expres\u00f3 su preocupaci\u00f3n por el impacto que tendr\u00eda la actividad minera en zonas monta\u00f1osas clave para el equilibrio ambiental. Se\u00f1al\u00f3 que estas \u00e1reas funcionan como grandes reservorios naturales de agua, esenciales para el consumo humano, la agricultura y los ecosistemas, por lo que cualquier intervenci\u00f3n podr\u00eda comprometer la calidad y disponibilidad del recurso para las actuales y futuras generaciones.","og_url":"https:\/\/noticiasdominicanas.com\/?p=19891","og_site_name":"Noticias Dominicanas","article_publisher":"https:\/\/www.facebook.com\/notidominicanas","article_author":"https:\/\/www.facebook.com\/Nelsonreyesestrella","article_published_time":"2026-04-28T22:30:08+00:00","article_modified_time":"2026-04-28T22:32:24+00:00","og_image":[{"width":1200,"height":675,"url":"https:\/\/noticiasdominicanas.com\/wp-content\/uploads\/2026\/04\/WhatsApp-Image-2026-04-28-at-6.27.54-PM.jpeg","type":"image\/jpeg"}],"author":"Nelson Reyes Estrella","twitter_card":"summary_large_image","twitter_creator":"@nelsonjre","twitter_site":"@notidominicanas","twitter_misc":{"Escrito por":"Nelson Reyes Estrella","Tiempo de lectura":"2 minutos"},"schema":{"@context":"https:\/\/schema.org","@graph":[{"@type":"Article","@id":"https:\/\/noticiasdominicanas.com\/?p=19891#article","isPartOf":{"@id":"https:\/\/noticiasdominicanas.com\/?p=19891"},"author":{"name":"Nelson Reyes Estrella","@id":"https:\/\/noticiasdominicanas.com\/#\/schema\/person\/cc2997f87c2b01d328305233a3b0095b"},"headline":"Iglesia cat\u00f3lica respalda defensa ambiental y rechaza miner\u00eda en cordilleras dominicanas","datePublished":"2026-04-28T22:30:08+00:00","dateModified":"2026-04-28T22:32:24+00:00","mainEntityOfPage":{"@id":"https:\/\/noticiasdominicanas.com\/?p=19891"},"wordCount":341,"publisher":{"@id":"https:\/\/noticiasdominicanas.com\/#organization"},"image":{"@id":"https:\/\/noticiasdominicanas.com\/?p=19891#primaryimage"},"thumbnailUrl":"https:\/\/i0.wp.com\/noticiasdominicanas.com\/wp-content\/uploads\/2026\/04\/WhatsApp-Image-2026-04-28-at-6.27.54-PM.jpeg?fit=1200%2C675&ssl=1","keywords":["Iglesia Cat\u00f3lica"],"articleSection":["Medio Ambiente","Nacionales"],"inLanguage":"es"},{"@type":"WebPage","@id":"https:\/\/noticiasdominicanas.com\/?p=19891","url":"https:\/\/noticiasdominicanas.com\/?p=19891","name":"Iglesia cat\u00f3lica respalda defensa ambiental y rechaza miner\u00eda en cordilleras dominicanas - Noticias Dominicanas","isPartOf":{"@id":"https:\/\/noticiasdominicanas.com\/#website"},"primaryImageOfPage":{"@id":"https:\/\/noticiasdominicanas.com\/?p=19891#primaryimage"},"image":{"@id":"https:\/\/noticiasdominicanas.com\/?p=19891#primaryimage"},"thumbnailUrl":"https:\/\/i0.wp.com\/noticiasdominicanas.com\/wp-content\/uploads\/2026\/04\/WhatsApp-Image-2026-04-28-at-6.27.54-PM.jpeg?fit=1200%2C675&ssl=1","datePublished":"2026-04-28T22:30:08+00:00","dateModified":"2026-04-28T22:32:24+00:00","description":"Mediante un comunicado fechado el 28 de abril de 2026, la entidad eclesial expres\u00f3 su preocupaci\u00f3n por el impacto que tendr\u00eda la actividad minera en zonas monta\u00f1osas clave para el equilibrio ambiental. Se\u00f1al\u00f3 que estas \u00e1reas funcionan como grandes reservorios naturales de agua, esenciales para el consumo humano, la agricultura y los ecosistemas, por lo que cualquier intervenci\u00f3n podr\u00eda comprometer la calidad y disponibilidad del recurso para las actuales y futuras generaciones.","breadcrumb":{"@id":"https:\/\/noticiasdominicanas.com\/?p=19891#breadcrumb"},"inLanguage":"es","potentialAction":[{"@type":"ReadAction","target":["https:\/\/noticiasdominicanas.com\/?p=19891"]}]},{"@type":"ImageObject","inLanguage":"es","@id":"https:\/\/noticiasdominicanas.com\/?p=19891#primaryimage","url":"https:\/\/i0.wp.com\/noticiasdominicanas.com\/wp-content\/uploads\/2026\/04\/WhatsApp-Image-2026-04-28-at-6.27.54-PM.jpeg?fit=1200%2C675&ssl=1","contentUrl":"https:\/\/i0.wp.com\/noticiasdominicanas.com\/wp-content\/uploads\/2026\/04\/WhatsApp-Image-2026-04-28-at-6.27.54-PM.jpeg?fit=1200%2C675&ssl=1","width":1200,"height":675},{"@type":"BreadcrumbList","@id":"https:\/\/noticiasdominicanas.com\/?p=19891#breadcrumb","itemListElement":[{"@type":"ListItem","position":1,"name":"Home","item":"https:\/\/noticiasdominicanas.com\/"},{"@type":"ListItem","position":2,"name":"Iglesia cat\u00f3lica respalda defensa ambiental y rechaza miner\u00eda en cordilleras dominicanas"}]},{"@type":"WebSite","@id":"https:\/\/noticiasdominicanas.com\/#website","url":"https:\/\/noticiasdominicanas.com\/","name":"Noticias Dominicanas","description":"Noticias y opiniones desde Rep\u00fablica Dominicana","publisher":{"@id":"https:\/\/noticiasdominicanas.com\/#organization"},"potentialAction":[{"@type":"SearchAction","target":{"@type":"EntryPoint","urlTemplate":"https:\/\/noticiasdominicanas.com\/?s={search_term_string}"},"query-input":{"@type":"PropertyValueSpecification","valueRequired":true,"valueName":"search_term_string"}}],"inLanguage":"es"},{"@type":"Organization","@id":"https:\/\/noticiasdominicanas.com\/#organization","name":"Noticias Dominicanas","url":"https:\/\/noticiasdominicanas.com\/","logo":{"@type":"ImageObject","inLanguage":"es","@id":"https:\/\/noticiasdominicanas.com\/#\/schema\/logo\/image\/","url":"https:\/\/i0.wp.com\/noticiasdominicanas.com\/wp-content\/uploads\/2013\/12\/logo-noticias-dominicanas-web.png?fit=380%2C100&ssl=1","contentUrl":"https:\/\/i0.wp.com\/noticiasdominicanas.com\/wp-content\/uploads\/2013\/12\/logo-noticias-dominicanas-web.png?fit=380%2C100&ssl=1","width":380,"height":100,"caption":"Noticias Dominicanas"},"image":{"@id":"https:\/\/noticiasdominicanas.com\/#\/schema\/logo\/image\/"},"sameAs":["https:\/\/www.facebook.com\/notidominicanas","https:\/\/x.com\/notidominicanas","https:\/\/www.instagram.com\/ndominicanas\/"]},{"@type":"Person","@id":"https:\/\/noticiasdominicanas.com\/#\/schema\/person\/cc2997f87c2b01d328305233a3b0095b","name":"Nelson Reyes Estrella","image":{"@type":"ImageObject","inLanguage":"es","@id":"https:\/\/secure.gravatar.com\/avatar\/223bda5af001641a73bef9f848869d1ecb5f7b7ae030ba03a385256a420f61a4?s=96&d=mm&r=g","url":"https:\/\/secure.gravatar.com\/avatar\/223bda5af001641a73bef9f848869d1ecb5f7b7ae030ba03a385256a420f61a4?s=96&d=mm&r=g","contentUrl":"https:\/\/secure.gravatar.com\/avatar\/223bda5af001641a73bef9f848869d1ecb5f7b7ae030ba03a385256a420f61a4?s=96&d=mm&r=g","caption":"Nelson Reyes Estrella"},"description":"Doctor en Econom\u00eda. Polit\u00f3logo, periodista, abogado y ecologista; con maestr\u00eda en Derecho y Relaciones Internacionales, M\u00e1ster en Seguridad Defensa y Geoestrategia y M\u00e1ster en Gesti\u00f3n de la Comunicaci\u00f3n Pol\u00edtica y Electoral. Docente de la Escuela de Ciencias Pol\u00edticas de la UASD. Contacto: 809-778-3722 \/ nelsonreyesestrella@gmail.com \/nreyes03@uasd.edu.do","sameAs":["http:\/\/noticiasdominicanas.com","https:\/\/www.facebook.com\/Nelsonreyesestrella","https:\/\/www.instagram.com\/invites\/contact\/?i=8c58nxy2m44y&utm_content=rx88b4","https:\/\/www.linkedin.com\/in\/nelsonreyesestrella?utm_source=share&utm_campaign=share_via&utm_content=profile&utm_medium=android_app","https:\/\/x.com\/@nelsonjre","youtube.com\/channel\/UCXjLaVPSsTceF4a2pL4ZJZA"],"url":"https:\/\/noticiasdominicanas.com\/?author=2"}]}},"jetpack_featured_media_url":"https:\/\/i0.wp.com\/noticiasdominicanas.com\/wp-content\/uploads\/2026\/04\/WhatsApp-Image-2026-04-28-at-6.27.54-PM.jpeg?fit=1200%2C675&ssl=1","jetpack_sharing_enabled":true,"_links":{"self":[{"href":"https:\/\/noticiasdominicanas.com\/index.php?rest_route=\/wp\/v2\/posts\/19891","targetHints":{"allow":["GET"]}}],"collection":[{"href":"https:\/\/noticiasdominicanas.com\/index.php?rest_route=\/wp\/v2\/posts"}],"about":[{"href":"https:\/\/noticiasdominicanas.com\/index.php?rest_route=\/wp\/v2\/types\/post"}],"author":[{"embeddable":true,"href":"https:\/\/noticiasdominicanas.com\/index.php?rest_route=\/wp\/v2\/users\/2"}],"replies":[{"embeddable":true,"href":"https:\/\/noticiasdominicanas.com\/index.php?rest_route=%2Fwp%2Fv2%2Fcomments&post=19891"}],"version-history":[{"count":1,"href":"https:\/\/noticiasdominicanas.com\/index.php?rest_route=\/wp\/v2\/posts\/19891\/revisions"}],"predecessor-version":[{"id":19893,"href":"https:\/\/noticiasdominicanas.com\/index.php?rest_route=\/wp\/v2\/posts\/19891\/revisions\/19893"}],"wp:featuredmedia":[{"embeddable":true,"href":"https:\/\/noticiasdominicanas.com\/index.php?rest_route=\/wp\/v2\/media\/19892"}],"wp:attachment":[{"href":"https:\/\/noticiasdominicanas.com\/index.php?rest_route=%2Fwp%2Fv2%2Fmedia&parent=19891"}],"wp:term":[{"taxonomy":"category","embeddable":true,"href":"https:\/\/noticiasdominicanas.com\/index.php?rest_route=%2Fwp%2Fv2%2Fcategories&post=19891"},{"taxonomy":"post_tag","embeddable":true,"href":"https:\/\/noticiasdominicanas.com\/index.php?rest_route=%2Fwp%2Fv2%2Ftags&post=19891"}],"curies":[{"name":"wp","href":"https:\/\/api.w.org\/{rel}","templated":true}]}}