{"id":19887,"date":"2026-04-28T10:38:45","date_gmt":"2026-04-28T14:38:45","guid":{"rendered":"https:\/\/noticiasdominicanas.com\/?p=19887"},"modified":"2026-04-28T11:10:32","modified_gmt":"2026-04-28T15:10:32","slug":"san-juan-la-miranda-del-sur-la-huelga-adelanto-la-navidad-para-medios-de-comunicacion-y-algunos-influencers","status":"publish","type":"post","link":"https:\/\/noticiasdominicanas.com\/?p=19887","title":{"rendered":"Loma Romero en San Juan La Loma Miranda del Sur: La huelga adelant\u00f3 la Navidad para medios de comunicaci\u00f3n  y algunos influencers"},"content":{"rendered":"<blockquote><p><strong>El \u201cHombre del Malet\u00edn\u201d se mud\u00f3 desde el Congreso para los Medios e Influencers.<\/strong><\/p><\/blockquote>\n<p>La reciente huelga en San Juan no solo sacudi\u00f3 el escenario social y pol\u00edtico de la regi\u00f3n, sino que tambi\u00e9n evidenci\u00f3 un fen\u00f3meno que ha comenzado a generar inquietudes en distintos sectores: la aparente instrumentalizaci\u00f3n medi\u00e1tica del conflicto.<\/p>\n<p>Para muchos, la protesta popular retract\u00f3 la \u201clluvia\u201d de recursos dirigida a medios de comunicaci\u00f3n e influencers, una din\u00e1mica que, parece responder a una estrategia cuidadosamente articulada para moldear la narrativa en torno a la miner\u00eda. Los ecos de esta pr\u00e1ctica no se quedaron en el sur; incluso en Santiago se perciben los reflejos de lo que algunos describen como \u201csacos de cuartos repartidos\u201d, en buscan de incidir en la opini\u00f3n p\u00fablica.<\/p>\n<p>El trasfondo de esta situaci\u00f3n remite a decisiones pol\u00edticas que no son nuevas. Ya en 2021 se hab\u00eda anunciado una inversi\u00f3n de 4 mil millones de pesos en un plan que, en su momento, fue interpretado como una ofensiva medi\u00e1tica con tintes pol\u00edticos hacia el expresidente Danilo Medina que acababa de salir del poder y se quer\u00eda mandar el mensaje de que no hab\u00eda hecho nada en San Juan, pero el objetivo era otro, la miner\u00eda y posiblemente dinero por adelantado.<\/p>\n<p>Cinco a\u00f1os despu\u00e9s, el denominado \u201cPlan San Juan\u201d parece desnudar el Plan 2021, pero con un objetivo m\u00e1s espec\u00edfico: allanar el camino para la explotaci\u00f3n minera. Sin embargo, el contexto ha cambiado. La resistencia social ha crecido y ha adoptado un s\u00edmbolo claro: Romero como la nueva Loma Miranda, pero con una determinaci\u00f3n a\u00fan m\u00e1s contundente.<\/p>\n<p>El \u201chombre del malet\u00edn\u201d cambia de escenario<\/p>\n<p>En medio de estas denuncias, surge una imagen que sintetiza la percepci\u00f3n de muchos actores sociales: el llamado \u201chombre del malet\u00edn\u201d habr\u00eda trasladado sus operaciones desde los pasillos del Congreso Nacional hacia los despachos de medios de comunicaci\u00f3n e influencers. La met\u00e1fora muestra el cambio en los mecanismos de influencia, donde ya no solo se negocian voluntades en la arena pol\u00edtica tradicional, sino tambi\u00e9n en el ecosistema digital y medi\u00e1tico. De ser as\u00ed, el centro de gravedad de la incidencia p\u00fablica se estar\u00eda desplazando hacia espacios donde la opini\u00f3n se construye con mayor rapidez, pero tambi\u00e9n con menor escrutinio institucional y en este tiempo los legisladores no participan de la repartici\u00f3n del pastel de estos grandes contratos, que no pasan por el congrego como era conocido a principio de siglo.<\/p>\n<p>Lo preocupante no es solo el caso de San Juan, sino el precedente que podr\u00eda sentar. Si la estrategia, basada en campa\u00f1as comunicacionales, ruedas de prensa corporativas y presunta distribuci\u00f3n de recursos, resultara efectiva, su replicaci\u00f3n en otras zonas del pa\u00eds es altamente probable. Regiones como la Cordillera Septentrional, Dajab\u00f3n, la Sierra de San Jos\u00e9 de las Matas y J\u00e1nico podr\u00edan enfrentar esquemas similares para la imposici\u00f3n la rechazada explotaci\u00f3n minera. En ese escenario, no importan los gastos, al final, el costo de estas operaciones recae siempre, parad\u00f3jicamente, sobre el propio pueblo, que financia indirectamente mecanismos destinados a debilitar sus propias luchas.<\/p>\n<p>En este contexto, cobra relevancia una frase atribuida el asesor gubernamental Mauricio De Vengoechea: \u201cEl pueblo quer\u00eda un cambio, le vendimos un cambio, pero no le dijimos c\u00f3mo ser\u00eda el cambio\u201d. Aplicada a la coyuntura actual, esta l\u00f3gica parece extenderse a la estrategia comunicacional en torno a la miner\u00eda, donde la narrativa se construye m\u00e1s desde la persuasi\u00f3n que desde la transparencia. La secuencia se repite: rueda de prensa de la empresa, difusi\u00f3n de supuestas bondades del proyecto y amplificaci\u00f3n del mensaje a trav\u00e9s de voces con alcance digital.<\/p>\n<p>La estrategia del pueblo debe ser m\u00e1s huelga para aumentar la presi\u00f3n sobre el gobierno.<\/p>\n<p>Frente a este panorama, se plantea la necesidad de una respuesta social m\u00e1s amplia. Se cuestiona, por ejemplo, la cooptaci\u00f3n de liderazgos estrat\u00e9gicos mediante su incorporaci\u00f3n a estructuras oficiales, como el Plan San Juan, lo que abre la puerta a debilitar la cohesi\u00f3n de los movimientos. En consecuencia, la protesta debe evolucionar hacia una articulaci\u00f3n regional que incluya provincias clave como Santiago y Puerto Plata. La posibilidad de una paralizaci\u00f3n simult\u00e1nea en zonas productivas y tur\u00edsticas introducir\u00eda un nuevo nivel de presi\u00f3n sobre las autoridades, Se imaginan la Avenida Gregorio Luper\u00f3n o Tur\u00edstica y la Navarrete &#8211; Puerto Plata paralizada.<\/p>\n<p>La huelga de San Juan, m\u00e1s que un episodio aislado, se perfila como un punto de inflexi\u00f3n. No solo por la resistencia a la miner\u00eda, sino por el debate que abre sobre el papel de la comunicaci\u00f3n, el uso de recursos p\u00fablicos y la legitimidad de las estrategias gubernamentales en contextos de conflicto social. El desenlace de este proceso podr\u00eda redefinir no solo el futuro de San Juan, sino tambi\u00e9n la forma en que se gestionan, y se narran, las luchas sociales en la Rep\u00fablica Dominicana. Lo que ya se evidencia es que la Loma Romero en San Juan es la la Loma Miranda del Sur.<\/p>\n<p>A la carga bravo pueblo de San Juan y todo el pa\u00eds, el agua es un tesoro que vale m\u00e1s que el oro, y es mejor morir luchando a que te maten a plazo como hacen con Cotu\u00ed.<\/p>\n","protected":false},"excerpt":{"rendered":"<p>Para muchos, la protesta popular retract\u00f3 la \u201clluvia\u201d de recursos dirigida a medios de comunicaci\u00f3n e influencers, una din\u00e1mica que, parece responder a una estrategia cuidadosamente articulada para moldear la narrativa en torno a la miner\u00eda. Los ecos de esta pr\u00e1ctica no se quedaron en el sur; incluso en Santiago se perciben los reflejos de lo que algunos describen como \u201csacos de cuartos repartidos\u201d, en buscan de incidir en la opini\u00f3n p\u00fablica.<\/p>\n","protected":false},"author":2,"featured_media":14869,"comment_status":"closed","ping_status":"closed","sticky":false,"template":"","format":"standard","meta":{"_jetpack_memberships_contains_paid_content":false,"footnotes":""},"categories":[21,1709,8],"tags":[3527,2638],"class_list":["post-19887","post","type-post","status-publish","format-standard","has-post-thumbnail","hentry","category-medio-ambiente","category-mi-aldea-global","category-opinion","tag-el-hombre-del-maletin","tag-mi-aldea-global"],"yoast_head":"<!-- This site is optimized with the Yoast SEO plugin v27.5 - https:\/\/yoast.com\/product\/yoast-seo-wordpress\/ -->\n<title>Loma Romero en San Juan La Loma Miranda del Sur: La huelga adelant\u00f3 la Navidad para medios de comunicaci\u00f3n y algunos influencers - Noticias Dominicanas<\/title>\n<meta name=\"description\" content=\"Para muchos, la protesta popular retract\u00f3 la \u201clluvia\u201d de recursos dirigida a medios de comunicaci\u00f3n e influencers, una din\u00e1mica que, parece responder a una estrategia cuidadosamente articulada para moldear la narrativa en torno a la miner\u00eda. Los ecos de esta pr\u00e1ctica no se quedaron en el sur; incluso en Santiago se perciben los reflejos de lo que algunos describen como \u201csacos de cuartos repartidos\u201d, en buscan de incidir en la opini\u00f3n p\u00fablica.\" \/>\n<meta name=\"robots\" content=\"index, follow, max-snippet:-1, max-image-preview:large, max-video-preview:-1\" \/>\n<link rel=\"canonical\" href=\"https:\/\/noticiasdominicanas.com\/?p=19887\" \/>\n<meta property=\"og:locale\" content=\"es_ES\" \/>\n<meta property=\"og:type\" content=\"article\" \/>\n<meta property=\"og:title\" content=\"Loma Romero en San Juan La Loma Miranda del Sur: La huelga adelant\u00f3 la Navidad para medios de comunicaci\u00f3n y algunos influencers - Noticias Dominicanas\" \/>\n<meta property=\"og:description\" content=\"Para muchos, la protesta popular retract\u00f3 la \u201clluvia\u201d de recursos dirigida a medios de comunicaci\u00f3n e influencers, una din\u00e1mica que, parece responder a una estrategia cuidadosamente articulada para moldear la narrativa en torno a la miner\u00eda. Los ecos de esta pr\u00e1ctica no se quedaron en el sur; incluso en Santiago se perciben los reflejos de lo que algunos describen como \u201csacos de cuartos repartidos\u201d, en buscan de incidir en la opini\u00f3n p\u00fablica.\" \/>\n<meta property=\"og:url\" content=\"https:\/\/noticiasdominicanas.com\/?p=19887\" \/>\n<meta property=\"og:site_name\" content=\"Noticias Dominicanas\" \/>\n<meta property=\"article:publisher\" content=\"https:\/\/www.facebook.com\/notidominicanas\" \/>\n<meta property=\"article:author\" content=\"https:\/\/www.facebook.com\/Nelsonreyesestrella\" \/>\n<meta property=\"article:published_time\" content=\"2026-04-28T14:38:45+00:00\" \/>\n<meta property=\"article:modified_time\" content=\"2026-04-28T15:10:32+00:00\" \/>\n<meta property=\"og:image\" content=\"https:\/\/noticiasdominicanas.com\/wp-content\/uploads\/2023\/09\/Nelson-nuevo-Diario.jpeg\" \/>\n\t<meta property=\"og:image:width\" content=\"1600\" \/>\n\t<meta property=\"og:image:height\" content=\"1063\" \/>\n\t<meta property=\"og:image:type\" content=\"image\/jpeg\" \/>\n<meta name=\"author\" content=\"Nelson Reyes Estrella\" \/>\n<meta name=\"twitter:card\" content=\"summary_large_image\" \/>\n<meta name=\"twitter:creator\" content=\"@nelsonjre\" \/>\n<meta name=\"twitter:site\" content=\"@notidominicanas\" \/>\n<meta name=\"twitter:label1\" content=\"Escrito por\" \/>\n\t<meta name=\"twitter:data1\" content=\"Nelson Reyes Estrella\" \/>\n\t<meta name=\"twitter:label2\" content=\"Tiempo de lectura\" \/>\n\t<meta name=\"twitter:data2\" content=\"5 minutos\" \/>\n<script type=\"application\/ld+json\" class=\"yoast-schema-graph\">{\"@context\":\"https:\\\/\\\/schema.org\",\"@graph\":[{\"@type\":\"Article\",\"@id\":\"https:\\\/\\\/noticiasdominicanas.com\\\/?p=19887#article\",\"isPartOf\":{\"@id\":\"https:\\\/\\\/noticiasdominicanas.com\\\/?p=19887\"},\"author\":{\"name\":\"Nelson Reyes Estrella\",\"@id\":\"https:\\\/\\\/noticiasdominicanas.com\\\/#\\\/schema\\\/person\\\/cc2997f87c2b01d328305233a3b0095b\"},\"headline\":\"Loma Romero en San Juan La Loma Miranda del Sur: La huelga adelant\u00f3 la Navidad para medios de comunicaci\u00f3n y algunos influencers\",\"datePublished\":\"2026-04-28T14:38:45+00:00\",\"dateModified\":\"2026-04-28T15:10:32+00:00\",\"mainEntityOfPage\":{\"@id\":\"https:\\\/\\\/noticiasdominicanas.com\\\/?p=19887\"},\"wordCount\":959,\"publisher\":{\"@id\":\"https:\\\/\\\/noticiasdominicanas.com\\\/#organization\"},\"image\":{\"@id\":\"https:\\\/\\\/noticiasdominicanas.com\\\/?p=19887#primaryimage\"},\"thumbnailUrl\":\"https:\\\/\\\/i0.wp.com\\\/noticiasdominicanas.com\\\/wp-content\\\/uploads\\\/2023\\\/09\\\/Nelson-nuevo-Diario.jpeg?fit=1600%2C1063&ssl=1\",\"keywords\":[\"El hombre del Malet\u00edn\",\"Mi Aldea Global\"],\"articleSection\":[\"Medio Ambiente\",\"Mi Aldea Global\",\"Opini\u00f3n\"],\"inLanguage\":\"es\"},{\"@type\":\"WebPage\",\"@id\":\"https:\\\/\\\/noticiasdominicanas.com\\\/?p=19887\",\"url\":\"https:\\\/\\\/noticiasdominicanas.com\\\/?p=19887\",\"name\":\"Loma Romero en San Juan La Loma Miranda del Sur: La huelga adelant\u00f3 la Navidad para medios de comunicaci\u00f3n y algunos influencers - Noticias Dominicanas\",\"isPartOf\":{\"@id\":\"https:\\\/\\\/noticiasdominicanas.com\\\/#website\"},\"primaryImageOfPage\":{\"@id\":\"https:\\\/\\\/noticiasdominicanas.com\\\/?p=19887#primaryimage\"},\"image\":{\"@id\":\"https:\\\/\\\/noticiasdominicanas.com\\\/?p=19887#primaryimage\"},\"thumbnailUrl\":\"https:\\\/\\\/i0.wp.com\\\/noticiasdominicanas.com\\\/wp-content\\\/uploads\\\/2023\\\/09\\\/Nelson-nuevo-Diario.jpeg?fit=1600%2C1063&ssl=1\",\"datePublished\":\"2026-04-28T14:38:45+00:00\",\"dateModified\":\"2026-04-28T15:10:32+00:00\",\"description\":\"Para muchos, la protesta popular retract\u00f3 la \u201clluvia\u201d de recursos dirigida a medios de comunicaci\u00f3n e influencers, una din\u00e1mica que, parece responder a una estrategia cuidadosamente articulada para moldear la narrativa en torno a la miner\u00eda. Los ecos de esta pr\u00e1ctica no se quedaron en el sur; incluso en Santiago se perciben los reflejos de lo que algunos describen como \u201csacos de cuartos repartidos\u201d, en buscan de incidir en la opini\u00f3n p\u00fablica.\",\"breadcrumb\":{\"@id\":\"https:\\\/\\\/noticiasdominicanas.com\\\/?p=19887#breadcrumb\"},\"inLanguage\":\"es\",\"potentialAction\":[{\"@type\":\"ReadAction\",\"target\":[\"https:\\\/\\\/noticiasdominicanas.com\\\/?p=19887\"]}]},{\"@type\":\"ImageObject\",\"inLanguage\":\"es\",\"@id\":\"https:\\\/\\\/noticiasdominicanas.com\\\/?p=19887#primaryimage\",\"url\":\"https:\\\/\\\/i0.wp.com\\\/noticiasdominicanas.com\\\/wp-content\\\/uploads\\\/2023\\\/09\\\/Nelson-nuevo-Diario.jpeg?fit=1600%2C1063&ssl=1\",\"contentUrl\":\"https:\\\/\\\/i0.wp.com\\\/noticiasdominicanas.com\\\/wp-content\\\/uploads\\\/2023\\\/09\\\/Nelson-nuevo-Diario.jpeg?fit=1600%2C1063&ssl=1\",\"width\":1600,\"height\":1063},{\"@type\":\"BreadcrumbList\",\"@id\":\"https:\\\/\\\/noticiasdominicanas.com\\\/?p=19887#breadcrumb\",\"itemListElement\":[{\"@type\":\"ListItem\",\"position\":1,\"name\":\"Home\",\"item\":\"https:\\\/\\\/noticiasdominicanas.com\\\/\"},{\"@type\":\"ListItem\",\"position\":2,\"name\":\"Loma Romero en San Juan La Loma Miranda del Sur: La huelga adelant\u00f3 la Navidad para medios de comunicaci\u00f3n y algunos influencers\"}]},{\"@type\":\"WebSite\",\"@id\":\"https:\\\/\\\/noticiasdominicanas.com\\\/#website\",\"url\":\"https:\\\/\\\/noticiasdominicanas.com\\\/\",\"name\":\"Noticias Dominicanas\",\"description\":\"Noticias y opiniones desde Rep\u00fablica Dominicana\",\"publisher\":{\"@id\":\"https:\\\/\\\/noticiasdominicanas.com\\\/#organization\"},\"potentialAction\":[{\"@type\":\"SearchAction\",\"target\":{\"@type\":\"EntryPoint\",\"urlTemplate\":\"https:\\\/\\\/noticiasdominicanas.com\\\/?s={search_term_string}\"},\"query-input\":{\"@type\":\"PropertyValueSpecification\",\"valueRequired\":true,\"valueName\":\"search_term_string\"}}],\"inLanguage\":\"es\"},{\"@type\":\"Organization\",\"@id\":\"https:\\\/\\\/noticiasdominicanas.com\\\/#organization\",\"name\":\"Noticias Dominicanas\",\"url\":\"https:\\\/\\\/noticiasdominicanas.com\\\/\",\"logo\":{\"@type\":\"ImageObject\",\"inLanguage\":\"es\",\"@id\":\"https:\\\/\\\/noticiasdominicanas.com\\\/#\\\/schema\\\/logo\\\/image\\\/\",\"url\":\"https:\\\/\\\/i0.wp.com\\\/noticiasdominicanas.com\\\/wp-content\\\/uploads\\\/2013\\\/12\\\/logo-noticias-dominicanas-web.png?fit=380%2C100&ssl=1\",\"contentUrl\":\"https:\\\/\\\/i0.wp.com\\\/noticiasdominicanas.com\\\/wp-content\\\/uploads\\\/2013\\\/12\\\/logo-noticias-dominicanas-web.png?fit=380%2C100&ssl=1\",\"width\":380,\"height\":100,\"caption\":\"Noticias Dominicanas\"},\"image\":{\"@id\":\"https:\\\/\\\/noticiasdominicanas.com\\\/#\\\/schema\\\/logo\\\/image\\\/\"},\"sameAs\":[\"https:\\\/\\\/www.facebook.com\\\/notidominicanas\",\"https:\\\/\\\/x.com\\\/notidominicanas\",\"https:\\\/\\\/www.instagram.com\\\/ndominicanas\\\/\"]},{\"@type\":\"Person\",\"@id\":\"https:\\\/\\\/noticiasdominicanas.com\\\/#\\\/schema\\\/person\\\/cc2997f87c2b01d328305233a3b0095b\",\"name\":\"Nelson Reyes Estrella\",\"image\":{\"@type\":\"ImageObject\",\"inLanguage\":\"es\",\"@id\":\"https:\\\/\\\/secure.gravatar.com\\\/avatar\\\/223bda5af001641a73bef9f848869d1ecb5f7b7ae030ba03a385256a420f61a4?s=96&d=mm&r=g\",\"url\":\"https:\\\/\\\/secure.gravatar.com\\\/avatar\\\/223bda5af001641a73bef9f848869d1ecb5f7b7ae030ba03a385256a420f61a4?s=96&d=mm&r=g\",\"contentUrl\":\"https:\\\/\\\/secure.gravatar.com\\\/avatar\\\/223bda5af001641a73bef9f848869d1ecb5f7b7ae030ba03a385256a420f61a4?s=96&d=mm&r=g\",\"caption\":\"Nelson Reyes Estrella\"},\"description\":\"Doctor en Econom\u00eda. Polit\u00f3logo, periodista, abogado y ecologista; con maestr\u00eda en Derecho y Relaciones Internacionales, M\u00e1ster en Seguridad Defensa y Geoestrategia y M\u00e1ster en Gesti\u00f3n de la Comunicaci\u00f3n Pol\u00edtica y Electoral. Docente de la Escuela de Ciencias Pol\u00edticas de la UASD. Contacto: 809-778-3722 \\\/ nelsonreyesestrella@gmail.com \\\/nreyes03@uasd.edu.do\",\"sameAs\":[\"http:\\\/\\\/noticiasdominicanas.com\",\"https:\\\/\\\/www.facebook.com\\\/Nelsonreyesestrella\",\"https:\\\/\\\/www.instagram.com\\\/invites\\\/contact\\\/?i=8c58nxy2m44y&utm_content=rx88b4\",\"https:\\\/\\\/www.linkedin.com\\\/in\\\/nelsonreyesestrella?utm_source=share&utm_campaign=share_via&utm_content=profile&utm_medium=android_app\",\"https:\\\/\\\/x.com\\\/@nelsonjre\",\"youtube.com\\\/channel\\\/UCXjLaVPSsTceF4a2pL4ZJZA\"],\"url\":\"https:\\\/\\\/noticiasdominicanas.com\\\/?author=2\"}]}<\/script>\n<!-- \/ Yoast SEO plugin. -->","yoast_head_json":{"title":"Loma Romero en San Juan La Loma Miranda del Sur: La huelga adelant\u00f3 la Navidad para medios de comunicaci\u00f3n y algunos influencers - Noticias Dominicanas","description":"Para muchos, la protesta popular retract\u00f3 la \u201clluvia\u201d de recursos dirigida a medios de comunicaci\u00f3n e influencers, una din\u00e1mica que, parece responder a una estrategia cuidadosamente articulada para moldear la narrativa en torno a la miner\u00eda. Los ecos de esta pr\u00e1ctica no se quedaron en el sur; incluso en Santiago se perciben los reflejos de lo que algunos describen como \u201csacos de cuartos repartidos\u201d, en buscan de incidir en la opini\u00f3n p\u00fablica.","robots":{"index":"index","follow":"follow","max-snippet":"max-snippet:-1","max-image-preview":"max-image-preview:large","max-video-preview":"max-video-preview:-1"},"canonical":"https:\/\/noticiasdominicanas.com\/?p=19887","og_locale":"es_ES","og_type":"article","og_title":"Loma Romero en San Juan La Loma Miranda del Sur: La huelga adelant\u00f3 la Navidad para medios de comunicaci\u00f3n y algunos influencers - Noticias Dominicanas","og_description":"Para muchos, la protesta popular retract\u00f3 la \u201clluvia\u201d de recursos dirigida a medios de comunicaci\u00f3n e influencers, una din\u00e1mica que, parece responder a una estrategia cuidadosamente articulada para moldear la narrativa en torno a la miner\u00eda. Los ecos de esta pr\u00e1ctica no se quedaron en el sur; incluso en Santiago se perciben los reflejos de lo que algunos describen como \u201csacos de cuartos repartidos\u201d, en buscan de incidir en la opini\u00f3n p\u00fablica.","og_url":"https:\/\/noticiasdominicanas.com\/?p=19887","og_site_name":"Noticias Dominicanas","article_publisher":"https:\/\/www.facebook.com\/notidominicanas","article_author":"https:\/\/www.facebook.com\/Nelsonreyesestrella","article_published_time":"2026-04-28T14:38:45+00:00","article_modified_time":"2026-04-28T15:10:32+00:00","og_image":[{"width":1600,"height":1063,"url":"https:\/\/noticiasdominicanas.com\/wp-content\/uploads\/2023\/09\/Nelson-nuevo-Diario.jpeg","type":"image\/jpeg"}],"author":"Nelson Reyes Estrella","twitter_card":"summary_large_image","twitter_creator":"@nelsonjre","twitter_site":"@notidominicanas","twitter_misc":{"Escrito por":"Nelson Reyes Estrella","Tiempo de lectura":"5 minutos"},"schema":{"@context":"https:\/\/schema.org","@graph":[{"@type":"Article","@id":"https:\/\/noticiasdominicanas.com\/?p=19887#article","isPartOf":{"@id":"https:\/\/noticiasdominicanas.com\/?p=19887"},"author":{"name":"Nelson Reyes Estrella","@id":"https:\/\/noticiasdominicanas.com\/#\/schema\/person\/cc2997f87c2b01d328305233a3b0095b"},"headline":"Loma Romero en San Juan La Loma Miranda del Sur: La huelga adelant\u00f3 la Navidad para medios de comunicaci\u00f3n y algunos influencers","datePublished":"2026-04-28T14:38:45+00:00","dateModified":"2026-04-28T15:10:32+00:00","mainEntityOfPage":{"@id":"https:\/\/noticiasdominicanas.com\/?p=19887"},"wordCount":959,"publisher":{"@id":"https:\/\/noticiasdominicanas.com\/#organization"},"image":{"@id":"https:\/\/noticiasdominicanas.com\/?p=19887#primaryimage"},"thumbnailUrl":"https:\/\/i0.wp.com\/noticiasdominicanas.com\/wp-content\/uploads\/2023\/09\/Nelson-nuevo-Diario.jpeg?fit=1600%2C1063&ssl=1","keywords":["El hombre del Malet\u00edn","Mi Aldea Global"],"articleSection":["Medio Ambiente","Mi Aldea Global","Opini\u00f3n"],"inLanguage":"es"},{"@type":"WebPage","@id":"https:\/\/noticiasdominicanas.com\/?p=19887","url":"https:\/\/noticiasdominicanas.com\/?p=19887","name":"Loma Romero en San Juan La Loma Miranda del Sur: La huelga adelant\u00f3 la Navidad para medios de comunicaci\u00f3n y algunos influencers - Noticias Dominicanas","isPartOf":{"@id":"https:\/\/noticiasdominicanas.com\/#website"},"primaryImageOfPage":{"@id":"https:\/\/noticiasdominicanas.com\/?p=19887#primaryimage"},"image":{"@id":"https:\/\/noticiasdominicanas.com\/?p=19887#primaryimage"},"thumbnailUrl":"https:\/\/i0.wp.com\/noticiasdominicanas.com\/wp-content\/uploads\/2023\/09\/Nelson-nuevo-Diario.jpeg?fit=1600%2C1063&ssl=1","datePublished":"2026-04-28T14:38:45+00:00","dateModified":"2026-04-28T15:10:32+00:00","description":"Para muchos, la protesta popular retract\u00f3 la \u201clluvia\u201d de recursos dirigida a medios de comunicaci\u00f3n e influencers, una din\u00e1mica que, parece responder a una estrategia cuidadosamente articulada para moldear la narrativa en torno a la miner\u00eda. Los ecos de esta pr\u00e1ctica no se quedaron en el sur; incluso en Santiago se perciben los reflejos de lo que algunos describen como \u201csacos de cuartos repartidos\u201d, en buscan de incidir en la opini\u00f3n p\u00fablica.","breadcrumb":{"@id":"https:\/\/noticiasdominicanas.com\/?p=19887#breadcrumb"},"inLanguage":"es","potentialAction":[{"@type":"ReadAction","target":["https:\/\/noticiasdominicanas.com\/?p=19887"]}]},{"@type":"ImageObject","inLanguage":"es","@id":"https:\/\/noticiasdominicanas.com\/?p=19887#primaryimage","url":"https:\/\/i0.wp.com\/noticiasdominicanas.com\/wp-content\/uploads\/2023\/09\/Nelson-nuevo-Diario.jpeg?fit=1600%2C1063&ssl=1","contentUrl":"https:\/\/i0.wp.com\/noticiasdominicanas.com\/wp-content\/uploads\/2023\/09\/Nelson-nuevo-Diario.jpeg?fit=1600%2C1063&ssl=1","width":1600,"height":1063},{"@type":"BreadcrumbList","@id":"https:\/\/noticiasdominicanas.com\/?p=19887#breadcrumb","itemListElement":[{"@type":"ListItem","position":1,"name":"Home","item":"https:\/\/noticiasdominicanas.com\/"},{"@type":"ListItem","position":2,"name":"Loma Romero en San Juan La Loma Miranda del Sur: La huelga adelant\u00f3 la Navidad para medios de comunicaci\u00f3n y algunos influencers"}]},{"@type":"WebSite","@id":"https:\/\/noticiasdominicanas.com\/#website","url":"https:\/\/noticiasdominicanas.com\/","name":"Noticias Dominicanas","description":"Noticias y opiniones desde Rep\u00fablica Dominicana","publisher":{"@id":"https:\/\/noticiasdominicanas.com\/#organization"},"potentialAction":[{"@type":"SearchAction","target":{"@type":"EntryPoint","urlTemplate":"https:\/\/noticiasdominicanas.com\/?s={search_term_string}"},"query-input":{"@type":"PropertyValueSpecification","valueRequired":true,"valueName":"search_term_string"}}],"inLanguage":"es"},{"@type":"Organization","@id":"https:\/\/noticiasdominicanas.com\/#organization","name":"Noticias Dominicanas","url":"https:\/\/noticiasdominicanas.com\/","logo":{"@type":"ImageObject","inLanguage":"es","@id":"https:\/\/noticiasdominicanas.com\/#\/schema\/logo\/image\/","url":"https:\/\/i0.wp.com\/noticiasdominicanas.com\/wp-content\/uploads\/2013\/12\/logo-noticias-dominicanas-web.png?fit=380%2C100&ssl=1","contentUrl":"https:\/\/i0.wp.com\/noticiasdominicanas.com\/wp-content\/uploads\/2013\/12\/logo-noticias-dominicanas-web.png?fit=380%2C100&ssl=1","width":380,"height":100,"caption":"Noticias Dominicanas"},"image":{"@id":"https:\/\/noticiasdominicanas.com\/#\/schema\/logo\/image\/"},"sameAs":["https:\/\/www.facebook.com\/notidominicanas","https:\/\/x.com\/notidominicanas","https:\/\/www.instagram.com\/ndominicanas\/"]},{"@type":"Person","@id":"https:\/\/noticiasdominicanas.com\/#\/schema\/person\/cc2997f87c2b01d328305233a3b0095b","name":"Nelson Reyes Estrella","image":{"@type":"ImageObject","inLanguage":"es","@id":"https:\/\/secure.gravatar.com\/avatar\/223bda5af001641a73bef9f848869d1ecb5f7b7ae030ba03a385256a420f61a4?s=96&d=mm&r=g","url":"https:\/\/secure.gravatar.com\/avatar\/223bda5af001641a73bef9f848869d1ecb5f7b7ae030ba03a385256a420f61a4?s=96&d=mm&r=g","contentUrl":"https:\/\/secure.gravatar.com\/avatar\/223bda5af001641a73bef9f848869d1ecb5f7b7ae030ba03a385256a420f61a4?s=96&d=mm&r=g","caption":"Nelson Reyes Estrella"},"description":"Doctor en Econom\u00eda. Polit\u00f3logo, periodista, abogado y ecologista; con maestr\u00eda en Derecho y Relaciones Internacionales, M\u00e1ster en Seguridad Defensa y Geoestrategia y M\u00e1ster en Gesti\u00f3n de la Comunicaci\u00f3n Pol\u00edtica y Electoral. Docente de la Escuela de Ciencias Pol\u00edticas de la UASD. Contacto: 809-778-3722 \/ nelsonreyesestrella@gmail.com \/nreyes03@uasd.edu.do","sameAs":["http:\/\/noticiasdominicanas.com","https:\/\/www.facebook.com\/Nelsonreyesestrella","https:\/\/www.instagram.com\/invites\/contact\/?i=8c58nxy2m44y&utm_content=rx88b4","https:\/\/www.linkedin.com\/in\/nelsonreyesestrella?utm_source=share&utm_campaign=share_via&utm_content=profile&utm_medium=android_app","https:\/\/x.com\/@nelsonjre","youtube.com\/channel\/UCXjLaVPSsTceF4a2pL4ZJZA"],"url":"https:\/\/noticiasdominicanas.com\/?author=2"}]}},"jetpack_featured_media_url":"https:\/\/i0.wp.com\/noticiasdominicanas.com\/wp-content\/uploads\/2023\/09\/Nelson-nuevo-Diario.jpeg?fit=1600%2C1063&ssl=1","jetpack_sharing_enabled":true,"_links":{"self":[{"href":"https:\/\/noticiasdominicanas.com\/index.php?rest_route=\/wp\/v2\/posts\/19887","targetHints":{"allow":["GET"]}}],"collection":[{"href":"https:\/\/noticiasdominicanas.com\/index.php?rest_route=\/wp\/v2\/posts"}],"about":[{"href":"https:\/\/noticiasdominicanas.com\/index.php?rest_route=\/wp\/v2\/types\/post"}],"author":[{"embeddable":true,"href":"https:\/\/noticiasdominicanas.com\/index.php?rest_route=\/wp\/v2\/users\/2"}],"replies":[{"embeddable":true,"href":"https:\/\/noticiasdominicanas.com\/index.php?rest_route=%2Fwp%2Fv2%2Fcomments&post=19887"}],"version-history":[{"count":3,"href":"https:\/\/noticiasdominicanas.com\/index.php?rest_route=\/wp\/v2\/posts\/19887\/revisions"}],"predecessor-version":[{"id":19890,"href":"https:\/\/noticiasdominicanas.com\/index.php?rest_route=\/wp\/v2\/posts\/19887\/revisions\/19890"}],"wp:featuredmedia":[{"embeddable":true,"href":"https:\/\/noticiasdominicanas.com\/index.php?rest_route=\/wp\/v2\/media\/14869"}],"wp:attachment":[{"href":"https:\/\/noticiasdominicanas.com\/index.php?rest_route=%2Fwp%2Fv2%2Fmedia&parent=19887"}],"wp:term":[{"taxonomy":"category","embeddable":true,"href":"https:\/\/noticiasdominicanas.com\/index.php?rest_route=%2Fwp%2Fv2%2Fcategories&post=19887"},{"taxonomy":"post_tag","embeddable":true,"href":"https:\/\/noticiasdominicanas.com\/index.php?rest_route=%2Fwp%2Fv2%2Ftags&post=19887"}],"curies":[{"name":"wp","href":"https:\/\/api.w.org\/{rel}","templated":true}]}}