{"id":19882,"date":"2026-04-27T09:55:47","date_gmt":"2026-04-27T13:55:47","guid":{"rendered":"https:\/\/noticiasdominicanas.com\/?p=19882"},"modified":"2026-04-27T09:55:47","modified_gmt":"2026-04-27T13:55:47","slug":"concejal-frank-medina-resalta-avances-trascendentales-de-la-gestion-municipal-durante-la-rendicion-de-cuentas-del-alcalde-ulises-rodriguez","status":"publish","type":"post","link":"https:\/\/noticiasdominicanas.com\/?p=19882","title":{"rendered":"Concejal Frank Medina resalta avances trascendentales de la gesti\u00f3n municipal durante la rendici\u00f3n de cuentas del alcalde Ulises Rodr\u00edguez."},"content":{"rendered":"<p><strong>Santiago de los Caballeros, Rep\u00fablica Dominicana.<\/strong> En el marco de la rendici\u00f3n de cuentas correspondiente al segundo a\u00f1o de gesti\u00f3n del alcalde Ulises Rodr\u00edguez, el concejal Frank Medina, representante del Partido Revolucionario Moderno (PRM), valor\u00f3 de manera altamente positiva los avances experimentados por el municipio, destacando el impacto tangible de las ejecutorias desarrolladas en beneficio directo de la ciudadan\u00eda.<\/p>\n<p>Medina sostuvo que, desde su responsabilidad como representante de la Circunscripci\u00f3n 1, ha podido constatar de primera mano importantes transformaciones estructurales y sociales que hoy son visibles en diversas comunidades de Santiago, fruto de una administraci\u00f3n cimentada en la eficiencia, la transparencia institucional y un firme compromiso con el bienestar colectivo.<\/p>\n<p>Entre las obras de mayor relevancia, se\u00f1al\u00f3 el techado de los sectores Ensanche Espaillat y Rafey, as\u00ed como la construcci\u00f3n de las casas club en Jardines del Oeste y La Terraza. De igual manera, destac\u00f3 la soluci\u00f3n vial y de drenaje ejecutada en el sector Buenos Aires, una intervenci\u00f3n que representa una respuesta efectiva a demandas hist\u00f3ricas de sus residentes.<\/p>\n<p>Asimismo, resalt\u00f3 la construcci\u00f3n de aceras y contenes en Don Jaime y Villa Verde, la intervenci\u00f3n integral de la Calle 20 en Gurabo y la ampliaci\u00f3n de nichos en los cementerios de Gurabo y El Ingenio, acciones que fortalecen tanto la infraestructura urbana como los servicios comunitarios esenciales.<\/p>\n<p>En materia de movilidad y mantenimiento vial, ponder\u00f3 los operativos de bacheo realizados en sectores como Cerro Alto, Francisco del Rosario, Las Colinas, El INVI, El Licey y Los Salados, contribuyendo significativamente a una circulaci\u00f3n m\u00e1s segura y eficiente para conductores y peatones.<\/p>\n<p>Dentro de las obras actualmente en proceso, mencion\u00f3 el remozamiento del Mercado La Placita, la fase final de terminaci\u00f3n de la Estaci\u00f3n Central del Cuerpo de Bomberos y la intervenci\u00f3n del Parque Ensanche Libertad (Luis Felipe L\u00f3pez), proyectos orientados al fortalecimiento del orden urbano y la recuperaci\u00f3n de espacios p\u00fablicos.<\/p>\n<p>El edil tambi\u00e9n valor\u00f3 importantes iniciativas institucionales como la creaci\u00f3n de un moderno centro de monitoreo en las principales intersecciones de la ciudad, el incremento de un 19.5 % en la eficiencia de la recogida de desechos s\u00f3lidos y el notable aumento de m\u00e1s de un 90 % en las recaudaciones municipales, indicadores que reflejan una gesti\u00f3n administrativa m\u00e1s s\u00f3lida, moderna y funcional.<\/p>\n<p>De igual forma, subray\u00f3 el fortalecimiento del Cuerpo de Bomberos y de la Polic\u00eda Municipal, as\u00ed como la implementaci\u00f3n de programas de salud dirigidos a los servidores municipales, incluyendo jornadas de vacunaci\u00f3n, entrega de vitaminas, lentillas y chequeos m\u00e9dicos permanentes, reafirmando el enfoque humano de la presente administraci\u00f3n.<\/p>\n<p>En el \u00e1mbito social y de protecci\u00f3n comunitaria, destac\u00f3 la creaci\u00f3n de la Unidad de Protecci\u00f3n Animal y la puesta en funcionamiento de un centro de albergue para mascotas en condici\u00f3n de abandono, una iniciativa que evidencia sensibilidad institucional y responsabilidad social.<\/p>\n<p>\u201cLos resultados de esta gesti\u00f3n son palpables en cada comunidad. Santiago avanza con determinaci\u00f3n, con obras que responden a necesidades reales y con una visi\u00f3n de desarrollo sostenible que coloca a la gente en el centro de las decisiones\u201d, expres\u00f3 Frank Medina.<\/p>\n<p>Finalmente, el concejal reafirm\u00f3 su compromiso de continuar trabajando de manera articulada junto al alcalde Ulises Rodr\u00edguez, impulsando pol\u00edticas p\u00fablicas y proyectos que sigan fortaleciendo la transformaci\u00f3n integral del municipio y consolidando una ciudad m\u00e1s organizada, moderna y digna para todos.<\/p>\n","protected":false},"excerpt":{"rendered":"<p>Medina sostuvo que, desde su responsabilidad como representante de la Circunscripci\u00f3n 1, ha podido constatar de primera mano importantes transformaciones estructurales y sociales que hoy son visibles en diversas comunidades de Santiago, fruto de una administraci\u00f3n cimentada en la eficiencia, la transparencia institucional y un firme compromiso con el bienestar colectivo.<\/p>\n","protected":false},"author":1,"featured_media":19883,"comment_status":"closed","ping_status":"closed","sticky":false,"template":"","format":"standard","meta":{"_jetpack_memberships_contains_paid_content":false,"footnotes":""},"categories":[7],"tags":[1163,3526],"class_list":["post-19882","post","type-post","status-publish","format-standard","has-post-thumbnail","hentry","category-politica","tag-prm","tag-regidor-frank-medina"],"yoast_head":"<!-- This site is optimized with the Yoast SEO plugin v27.4 - https:\/\/yoast.com\/product\/yoast-seo-wordpress\/ -->\n<title>Concejal Frank Medina resalta avances trascendentales de la gesti\u00f3n municipal durante la rendici\u00f3n de cuentas del alcalde Ulises Rodr\u00edguez. - Noticias Dominicanas<\/title>\n<meta name=\"description\" content=\"Medina sostuvo que, desde su responsabilidad como representante de la Circunscripci\u00f3n 1, ha podido constatar de primera mano importantes transformaciones estructurales y sociales que hoy son visibles en diversas comunidades de Santiago, fruto de una administraci\u00f3n cimentada en la eficiencia, la transparencia institucional y un firme compromiso con el bienestar colectivo.\" \/>\n<meta name=\"robots\" content=\"index, follow, max-snippet:-1, max-image-preview:large, max-video-preview:-1\" \/>\n<link rel=\"canonical\" href=\"https:\/\/noticiasdominicanas.com\/?p=19882\" \/>\n<meta property=\"og:locale\" content=\"es_ES\" \/>\n<meta property=\"og:type\" content=\"article\" \/>\n<meta property=\"og:title\" content=\"Concejal Frank Medina resalta avances trascendentales de la gesti\u00f3n municipal durante la rendici\u00f3n de cuentas del alcalde Ulises Rodr\u00edguez. - Noticias Dominicanas\" \/>\n<meta property=\"og:description\" content=\"Medina sostuvo que, desde su responsabilidad como representante de la Circunscripci\u00f3n 1, ha podido constatar de primera mano importantes transformaciones estructurales y sociales que hoy son visibles en diversas comunidades de Santiago, fruto de una administraci\u00f3n cimentada en la eficiencia, la transparencia institucional y un firme compromiso con el bienestar colectivo.\" \/>\n<meta property=\"og:url\" content=\"https:\/\/noticiasdominicanas.com\/?p=19882\" \/>\n<meta property=\"og:site_name\" content=\"Noticias Dominicanas\" \/>\n<meta property=\"article:publisher\" content=\"https:\/\/www.facebook.com\/notidominicanas\" \/>\n<meta property=\"article:published_time\" content=\"2026-04-27T13:55:47+00:00\" \/>\n<meta property=\"og:image\" content=\"https:\/\/noticiasdominicanas.com\/wp-content\/uploads\/2026\/04\/frank.jpg\" \/>\n\t<meta property=\"og:image:width\" content=\"1688\" \/>\n\t<meta property=\"og:image:height\" content=\"971\" \/>\n\t<meta property=\"og:image:type\" content=\"image\/jpeg\" \/>\n<meta name=\"author\" content=\"notidom\" \/>\n<meta name=\"twitter:card\" content=\"summary_large_image\" \/>\n<meta name=\"twitter:creator\" content=\"@notidominicanas\" \/>\n<meta name=\"twitter:site\" content=\"@notidominicanas\" \/>\n<meta name=\"twitter:label1\" content=\"Escrito por\" \/>\n\t<meta name=\"twitter:data1\" content=\"notidom\" \/>\n\t<meta name=\"twitter:label2\" content=\"Tiempo de lectura\" \/>\n\t<meta name=\"twitter:data2\" content=\"3 minutos\" \/>\n<script type=\"application\/ld+json\" class=\"yoast-schema-graph\">{\"@context\":\"https:\\\/\\\/schema.org\",\"@graph\":[{\"@type\":\"Article\",\"@id\":\"https:\\\/\\\/noticiasdominicanas.com\\\/?p=19882#article\",\"isPartOf\":{\"@id\":\"https:\\\/\\\/noticiasdominicanas.com\\\/?p=19882\"},\"author\":{\"name\":\"notidom\",\"@id\":\"https:\\\/\\\/noticiasdominicanas.com\\\/#\\\/schema\\\/person\\\/ee8e756960e116e1f0612f86172c5831\"},\"headline\":\"Concejal Frank Medina resalta avances trascendentales de la gesti\u00f3n municipal durante la rendici\u00f3n de cuentas del alcalde Ulises Rodr\u00edguez.\",\"datePublished\":\"2026-04-27T13:55:47+00:00\",\"mainEntityOfPage\":{\"@id\":\"https:\\\/\\\/noticiasdominicanas.com\\\/?p=19882\"},\"wordCount\":611,\"publisher\":{\"@id\":\"https:\\\/\\\/noticiasdominicanas.com\\\/#organization\"},\"image\":{\"@id\":\"https:\\\/\\\/noticiasdominicanas.com\\\/?p=19882#primaryimage\"},\"thumbnailUrl\":\"https:\\\/\\\/i0.wp.com\\\/noticiasdominicanas.com\\\/wp-content\\\/uploads\\\/2026\\\/04\\\/frank.jpg?fit=1688%2C971&ssl=1\",\"keywords\":[\"PRM\",\"Regidor Frank Medina\"],\"articleSection\":[\"Pol\u00edtica\"],\"inLanguage\":\"es\"},{\"@type\":\"WebPage\",\"@id\":\"https:\\\/\\\/noticiasdominicanas.com\\\/?p=19882\",\"url\":\"https:\\\/\\\/noticiasdominicanas.com\\\/?p=19882\",\"name\":\"Concejal Frank Medina resalta avances trascendentales de la gesti\u00f3n municipal durante la rendici\u00f3n de cuentas del alcalde Ulises Rodr\u00edguez. - Noticias Dominicanas\",\"isPartOf\":{\"@id\":\"https:\\\/\\\/noticiasdominicanas.com\\\/#website\"},\"primaryImageOfPage\":{\"@id\":\"https:\\\/\\\/noticiasdominicanas.com\\\/?p=19882#primaryimage\"},\"image\":{\"@id\":\"https:\\\/\\\/noticiasdominicanas.com\\\/?p=19882#primaryimage\"},\"thumbnailUrl\":\"https:\\\/\\\/i0.wp.com\\\/noticiasdominicanas.com\\\/wp-content\\\/uploads\\\/2026\\\/04\\\/frank.jpg?fit=1688%2C971&ssl=1\",\"datePublished\":\"2026-04-27T13:55:47+00:00\",\"description\":\"Medina sostuvo que, desde su responsabilidad como representante de la Circunscripci\u00f3n 1, ha podido constatar de primera mano importantes transformaciones estructurales y sociales que hoy son visibles en diversas comunidades de Santiago, fruto de una administraci\u00f3n cimentada en la eficiencia, la transparencia institucional y un firme compromiso con el bienestar colectivo.\",\"breadcrumb\":{\"@id\":\"https:\\\/\\\/noticiasdominicanas.com\\\/?p=19882#breadcrumb\"},\"inLanguage\":\"es\",\"potentialAction\":[{\"@type\":\"ReadAction\",\"target\":[\"https:\\\/\\\/noticiasdominicanas.com\\\/?p=19882\"]}]},{\"@type\":\"ImageObject\",\"inLanguage\":\"es\",\"@id\":\"https:\\\/\\\/noticiasdominicanas.com\\\/?p=19882#primaryimage\",\"url\":\"https:\\\/\\\/i0.wp.com\\\/noticiasdominicanas.com\\\/wp-content\\\/uploads\\\/2026\\\/04\\\/frank.jpg?fit=1688%2C971&ssl=1\",\"contentUrl\":\"https:\\\/\\\/i0.wp.com\\\/noticiasdominicanas.com\\\/wp-content\\\/uploads\\\/2026\\\/04\\\/frank.jpg?fit=1688%2C971&ssl=1\",\"width\":1688,\"height\":971},{\"@type\":\"BreadcrumbList\",\"@id\":\"https:\\\/\\\/noticiasdominicanas.com\\\/?p=19882#breadcrumb\",\"itemListElement\":[{\"@type\":\"ListItem\",\"position\":1,\"name\":\"Home\",\"item\":\"https:\\\/\\\/noticiasdominicanas.com\\\/\"},{\"@type\":\"ListItem\",\"position\":2,\"name\":\"Concejal Frank Medina resalta avances trascendentales de la gesti\u00f3n municipal durante la rendici\u00f3n de cuentas del alcalde Ulises Rodr\u00edguez.\"}]},{\"@type\":\"WebSite\",\"@id\":\"https:\\\/\\\/noticiasdominicanas.com\\\/#website\",\"url\":\"https:\\\/\\\/noticiasdominicanas.com\\\/\",\"name\":\"Noticias Dominicanas\",\"description\":\"Noticias y opiniones desde Rep\u00fablica Dominicana\",\"publisher\":{\"@id\":\"https:\\\/\\\/noticiasdominicanas.com\\\/#organization\"},\"potentialAction\":[{\"@type\":\"SearchAction\",\"target\":{\"@type\":\"EntryPoint\",\"urlTemplate\":\"https:\\\/\\\/noticiasdominicanas.com\\\/?s={search_term_string}\"},\"query-input\":{\"@type\":\"PropertyValueSpecification\",\"valueRequired\":true,\"valueName\":\"search_term_string\"}}],\"inLanguage\":\"es\"},{\"@type\":\"Organization\",\"@id\":\"https:\\\/\\\/noticiasdominicanas.com\\\/#organization\",\"name\":\"Noticias Dominicanas\",\"url\":\"https:\\\/\\\/noticiasdominicanas.com\\\/\",\"logo\":{\"@type\":\"ImageObject\",\"inLanguage\":\"es\",\"@id\":\"https:\\\/\\\/noticiasdominicanas.com\\\/#\\\/schema\\\/logo\\\/image\\\/\",\"url\":\"https:\\\/\\\/i0.wp.com\\\/noticiasdominicanas.com\\\/wp-content\\\/uploads\\\/2013\\\/12\\\/logo-noticias-dominicanas-web.png?fit=380%2C100&ssl=1\",\"contentUrl\":\"https:\\\/\\\/i0.wp.com\\\/noticiasdominicanas.com\\\/wp-content\\\/uploads\\\/2013\\\/12\\\/logo-noticias-dominicanas-web.png?fit=380%2C100&ssl=1\",\"width\":380,\"height\":100,\"caption\":\"Noticias Dominicanas\"},\"image\":{\"@id\":\"https:\\\/\\\/noticiasdominicanas.com\\\/#\\\/schema\\\/logo\\\/image\\\/\"},\"sameAs\":[\"https:\\\/\\\/www.facebook.com\\\/notidominicanas\",\"https:\\\/\\\/x.com\\\/notidominicanas\",\"https:\\\/\\\/www.instagram.com\\\/ndominicanas\\\/\"]},{\"@type\":\"Person\",\"@id\":\"https:\\\/\\\/noticiasdominicanas.com\\\/#\\\/schema\\\/person\\\/ee8e756960e116e1f0612f86172c5831\",\"name\":\"notidom\",\"image\":{\"@type\":\"ImageObject\",\"inLanguage\":\"es\",\"@id\":\"https:\\\/\\\/secure.gravatar.com\\\/avatar\\\/f184cef738a2e7a54f4d1f52522b7a733332543fce5bbc31311546a99cd995e1?s=96&d=mm&r=g\",\"url\":\"https:\\\/\\\/secure.gravatar.com\\\/avatar\\\/f184cef738a2e7a54f4d1f52522b7a733332543fce5bbc31311546a99cd995e1?s=96&d=mm&r=g\",\"contentUrl\":\"https:\\\/\\\/secure.gravatar.com\\\/avatar\\\/f184cef738a2e7a54f4d1f52522b7a733332543fce5bbc31311546a99cd995e1?s=96&d=mm&r=g\",\"caption\":\"notidom\"},\"url\":\"https:\\\/\\\/noticiasdominicanas.com\\\/?author=1\"}]}<\/script>\n<!-- \/ Yoast SEO plugin. -->","yoast_head_json":{"title":"Concejal Frank Medina resalta avances trascendentales de la gesti\u00f3n municipal durante la rendici\u00f3n de cuentas del alcalde Ulises Rodr\u00edguez. - Noticias Dominicanas","description":"Medina sostuvo que, desde su responsabilidad como representante de la Circunscripci\u00f3n 1, ha podido constatar de primera mano importantes transformaciones estructurales y sociales que hoy son visibles en diversas comunidades de Santiago, fruto de una administraci\u00f3n cimentada en la eficiencia, la transparencia institucional y un firme compromiso con el bienestar colectivo.","robots":{"index":"index","follow":"follow","max-snippet":"max-snippet:-1","max-image-preview":"max-image-preview:large","max-video-preview":"max-video-preview:-1"},"canonical":"https:\/\/noticiasdominicanas.com\/?p=19882","og_locale":"es_ES","og_type":"article","og_title":"Concejal Frank Medina resalta avances trascendentales de la gesti\u00f3n municipal durante la rendici\u00f3n de cuentas del alcalde Ulises Rodr\u00edguez. - Noticias Dominicanas","og_description":"Medina sostuvo que, desde su responsabilidad como representante de la Circunscripci\u00f3n 1, ha podido constatar de primera mano importantes transformaciones estructurales y sociales que hoy son visibles en diversas comunidades de Santiago, fruto de una administraci\u00f3n cimentada en la eficiencia, la transparencia institucional y un firme compromiso con el bienestar colectivo.","og_url":"https:\/\/noticiasdominicanas.com\/?p=19882","og_site_name":"Noticias Dominicanas","article_publisher":"https:\/\/www.facebook.com\/notidominicanas","article_published_time":"2026-04-27T13:55:47+00:00","og_image":[{"width":1688,"height":971,"url":"https:\/\/noticiasdominicanas.com\/wp-content\/uploads\/2026\/04\/frank.jpg","type":"image\/jpeg"}],"author":"notidom","twitter_card":"summary_large_image","twitter_creator":"@notidominicanas","twitter_site":"@notidominicanas","twitter_misc":{"Escrito por":"notidom","Tiempo de lectura":"3 minutos"},"schema":{"@context":"https:\/\/schema.org","@graph":[{"@type":"Article","@id":"https:\/\/noticiasdominicanas.com\/?p=19882#article","isPartOf":{"@id":"https:\/\/noticiasdominicanas.com\/?p=19882"},"author":{"name":"notidom","@id":"https:\/\/noticiasdominicanas.com\/#\/schema\/person\/ee8e756960e116e1f0612f86172c5831"},"headline":"Concejal Frank Medina resalta avances trascendentales de la gesti\u00f3n municipal durante la rendici\u00f3n de cuentas del alcalde Ulises Rodr\u00edguez.","datePublished":"2026-04-27T13:55:47+00:00","mainEntityOfPage":{"@id":"https:\/\/noticiasdominicanas.com\/?p=19882"},"wordCount":611,"publisher":{"@id":"https:\/\/noticiasdominicanas.com\/#organization"},"image":{"@id":"https:\/\/noticiasdominicanas.com\/?p=19882#primaryimage"},"thumbnailUrl":"https:\/\/i0.wp.com\/noticiasdominicanas.com\/wp-content\/uploads\/2026\/04\/frank.jpg?fit=1688%2C971&ssl=1","keywords":["PRM","Regidor Frank Medina"],"articleSection":["Pol\u00edtica"],"inLanguage":"es"},{"@type":"WebPage","@id":"https:\/\/noticiasdominicanas.com\/?p=19882","url":"https:\/\/noticiasdominicanas.com\/?p=19882","name":"Concejal Frank Medina resalta avances trascendentales de la gesti\u00f3n municipal durante la rendici\u00f3n de cuentas del alcalde Ulises Rodr\u00edguez. - Noticias Dominicanas","isPartOf":{"@id":"https:\/\/noticiasdominicanas.com\/#website"},"primaryImageOfPage":{"@id":"https:\/\/noticiasdominicanas.com\/?p=19882#primaryimage"},"image":{"@id":"https:\/\/noticiasdominicanas.com\/?p=19882#primaryimage"},"thumbnailUrl":"https:\/\/i0.wp.com\/noticiasdominicanas.com\/wp-content\/uploads\/2026\/04\/frank.jpg?fit=1688%2C971&ssl=1","datePublished":"2026-04-27T13:55:47+00:00","description":"Medina sostuvo que, desde su responsabilidad como representante de la Circunscripci\u00f3n 1, ha podido constatar de primera mano importantes transformaciones estructurales y sociales que hoy son visibles en diversas comunidades de Santiago, fruto de una administraci\u00f3n cimentada en la eficiencia, la transparencia institucional y un firme compromiso con el bienestar colectivo.","breadcrumb":{"@id":"https:\/\/noticiasdominicanas.com\/?p=19882#breadcrumb"},"inLanguage":"es","potentialAction":[{"@type":"ReadAction","target":["https:\/\/noticiasdominicanas.com\/?p=19882"]}]},{"@type":"ImageObject","inLanguage":"es","@id":"https:\/\/noticiasdominicanas.com\/?p=19882#primaryimage","url":"https:\/\/i0.wp.com\/noticiasdominicanas.com\/wp-content\/uploads\/2026\/04\/frank.jpg?fit=1688%2C971&ssl=1","contentUrl":"https:\/\/i0.wp.com\/noticiasdominicanas.com\/wp-content\/uploads\/2026\/04\/frank.jpg?fit=1688%2C971&ssl=1","width":1688,"height":971},{"@type":"BreadcrumbList","@id":"https:\/\/noticiasdominicanas.com\/?p=19882#breadcrumb","itemListElement":[{"@type":"ListItem","position":1,"name":"Home","item":"https:\/\/noticiasdominicanas.com\/"},{"@type":"ListItem","position":2,"name":"Concejal Frank Medina resalta avances trascendentales de la gesti\u00f3n municipal durante la rendici\u00f3n de cuentas del alcalde Ulises Rodr\u00edguez."}]},{"@type":"WebSite","@id":"https:\/\/noticiasdominicanas.com\/#website","url":"https:\/\/noticiasdominicanas.com\/","name":"Noticias Dominicanas","description":"Noticias y opiniones desde Rep\u00fablica Dominicana","publisher":{"@id":"https:\/\/noticiasdominicanas.com\/#organization"},"potentialAction":[{"@type":"SearchAction","target":{"@type":"EntryPoint","urlTemplate":"https:\/\/noticiasdominicanas.com\/?s={search_term_string}"},"query-input":{"@type":"PropertyValueSpecification","valueRequired":true,"valueName":"search_term_string"}}],"inLanguage":"es"},{"@type":"Organization","@id":"https:\/\/noticiasdominicanas.com\/#organization","name":"Noticias Dominicanas","url":"https:\/\/noticiasdominicanas.com\/","logo":{"@type":"ImageObject","inLanguage":"es","@id":"https:\/\/noticiasdominicanas.com\/#\/schema\/logo\/image\/","url":"https:\/\/i0.wp.com\/noticiasdominicanas.com\/wp-content\/uploads\/2013\/12\/logo-noticias-dominicanas-web.png?fit=380%2C100&ssl=1","contentUrl":"https:\/\/i0.wp.com\/noticiasdominicanas.com\/wp-content\/uploads\/2013\/12\/logo-noticias-dominicanas-web.png?fit=380%2C100&ssl=1","width":380,"height":100,"caption":"Noticias Dominicanas"},"image":{"@id":"https:\/\/noticiasdominicanas.com\/#\/schema\/logo\/image\/"},"sameAs":["https:\/\/www.facebook.com\/notidominicanas","https:\/\/x.com\/notidominicanas","https:\/\/www.instagram.com\/ndominicanas\/"]},{"@type":"Person","@id":"https:\/\/noticiasdominicanas.com\/#\/schema\/person\/ee8e756960e116e1f0612f86172c5831","name":"notidom","image":{"@type":"ImageObject","inLanguage":"es","@id":"https:\/\/secure.gravatar.com\/avatar\/f184cef738a2e7a54f4d1f52522b7a733332543fce5bbc31311546a99cd995e1?s=96&d=mm&r=g","url":"https:\/\/secure.gravatar.com\/avatar\/f184cef738a2e7a54f4d1f52522b7a733332543fce5bbc31311546a99cd995e1?s=96&d=mm&r=g","contentUrl":"https:\/\/secure.gravatar.com\/avatar\/f184cef738a2e7a54f4d1f52522b7a733332543fce5bbc31311546a99cd995e1?s=96&d=mm&r=g","caption":"notidom"},"url":"https:\/\/noticiasdominicanas.com\/?author=1"}]}},"jetpack_featured_media_url":"https:\/\/i0.wp.com\/noticiasdominicanas.com\/wp-content\/uploads\/2026\/04\/frank.jpg?fit=1688%2C971&ssl=1","jetpack_sharing_enabled":true,"_links":{"self":[{"href":"https:\/\/noticiasdominicanas.com\/index.php?rest_route=\/wp\/v2\/posts\/19882","targetHints":{"allow":["GET"]}}],"collection":[{"href":"https:\/\/noticiasdominicanas.com\/index.php?rest_route=\/wp\/v2\/posts"}],"about":[{"href":"https:\/\/noticiasdominicanas.com\/index.php?rest_route=\/wp\/v2\/types\/post"}],"author":[{"embeddable":true,"href":"https:\/\/noticiasdominicanas.com\/index.php?rest_route=\/wp\/v2\/users\/1"}],"replies":[{"embeddable":true,"href":"https:\/\/noticiasdominicanas.com\/index.php?rest_route=%2Fwp%2Fv2%2Fcomments&post=19882"}],"version-history":[{"count":1,"href":"https:\/\/noticiasdominicanas.com\/index.php?rest_route=\/wp\/v2\/posts\/19882\/revisions"}],"predecessor-version":[{"id":19884,"href":"https:\/\/noticiasdominicanas.com\/index.php?rest_route=\/wp\/v2\/posts\/19882\/revisions\/19884"}],"wp:featuredmedia":[{"embeddable":true,"href":"https:\/\/noticiasdominicanas.com\/index.php?rest_route=\/wp\/v2\/media\/19883"}],"wp:attachment":[{"href":"https:\/\/noticiasdominicanas.com\/index.php?rest_route=%2Fwp%2Fv2%2Fmedia&parent=19882"}],"wp:term":[{"taxonomy":"category","embeddable":true,"href":"https:\/\/noticiasdominicanas.com\/index.php?rest_route=%2Fwp%2Fv2%2Fcategories&post=19882"},{"taxonomy":"post_tag","embeddable":true,"href":"https:\/\/noticiasdominicanas.com\/index.php?rest_route=%2Fwp%2Fv2%2Ftags&post=19882"}],"curies":[{"name":"wp","href":"https:\/\/api.w.org\/{rel}","templated":true}]}}