{"id":19578,"date":"2026-03-09T11:28:39","date_gmt":"2026-03-09T15:28:39","guid":{"rendered":"https:\/\/noticiasdominicanas.com\/?p=19578"},"modified":"2026-03-09T11:28:39","modified_gmt":"2026-03-09T15:28:39","slug":"jhossan-capell-advierte-sobre-posible-liberacion-de-secuestrador-en-serie-alerta-a-autoridades","status":"publish","type":"post","link":"https:\/\/noticiasdominicanas.com\/?p=19578","title":{"rendered":"Jhossan Capell advierte sobre posible liberaci\u00f3n de secuestrador en serie; alerta a autoridades"},"content":{"rendered":"<p style=\"font-weight: 400;\"><strong>Santo Domingo, R.D. \u2013<\/strong> El abogado y comunicador Jhossan Capell denunci\u00f3 hoy p\u00fablicamente que existir\u00edan planes para poner en libertad el pr\u00f3ximo 10 de marzo a David Peralta Beltr\u00e9, se\u00f1alado como jefe de una banda responsable de m\u00faltiples secuestros ocurridos en la Rep\u00fablica Dominicana entre los a\u00f1os 2006 y 2007.<\/p>\n<p style=\"font-weight: 400;\">Seg\u00fan expres\u00f3 Capell, Peralta Beltr\u00e9 fue condenado a 30 a\u00f1os de prisi\u00f3n por su participaci\u00f3n en una serie de secuestros que, en su momento, generaron gran alarma en la sociedad dominicana, afectando a empresarios, ingenieros, banqueros, comerciantes y propietarios de negocios.<\/p>\n<p style=\"font-weight: 400;\">De acuerdo con la denuncia p\u00fablica realizada por el jurista, el caso se encuentra identificado con el expediente n\u00famero 223-020-01-2013-04719, el cual recoge los procesos judiciales relacionados con los hechos que, seg\u00fan afirma, estremecieron al pa\u00eds durante el se\u00f1alado per\u00edodo.<\/p>\n<p style=\"font-weight: 400;\">El comunicador afirm\u00f3 que la eventual excarcelaci\u00f3n del recluso estar\u00eda siendo solicitada alegando problemas de salud, situaci\u00f3n que, seg\u00fan su denuncia, debe ser analizada con cautela por las autoridades judiciales.<\/p>\n<p style=\"font-weight: 400;\">Record\u00f3 que durante ese per\u00edodo el pa\u00eds enfrent\u00f3 una oleada de secuestros conocidos como \u201csecuestros expr\u00e9s\u201d, que provocaron gran preocupaci\u00f3n en distintos sectores econ\u00f3micos y sociales.<\/p>\n<p style=\"font-weight: 400;\">De acuerdo con su relato, la banda operaba principalmente en zonas cercanas a la autopista de San Isidro, donde supuestamente manten\u00edan a sus v\u00edctimas en cautiverio en estructuras abandonadas mientras exig\u00edan rescates.<\/p>\n<p style=\"font-weight: 400;\">\u201cEsta asociaci\u00f3n de malhechores la integraban 10 individuos, de los cuales hay cinco que se encuentran recluidos en la c\u00e1rcel condenados a 30 a\u00f1os y dos murieron al enfrentar a la Polic\u00eda. Los mismos portaban chalecos antibalas y fusiles M-16, mientras otros miembros de la banda siguen pr\u00f3fugos, cuyo cabecilla Peralta Beltr\u00e9 pretende salir de la prisi\u00f3n\u201d, explic\u00f3 el abogado y comunicador Jhossan Capell.<\/p>\n<p style=\"font-weight: 400;\">El comunicador sostuvo que varios integrantes de la banda de secuestradores fueron abatidos durante enfrentamientos con agentes policiales en operativos realizados en la zona; all\u00ed se encontraba secuestrado el empresario Eduardo Liriano Caraballo.<\/p>\n<p style=\"font-weight: 400;\">Ante esta situaci\u00f3n, Cappel hizo un llamado a los jueces y fiscales que conocen el caso para que analicen con detenimiento cualquier solicitud de libertad.<\/p>\n<p style=\"font-weight: 400;\">\u201cDe estar nuevamente en las calles, este individuo representar\u00eda un peligro para la tranquilidad y la paz del pueblo dominicano\u201d, advirti\u00f3 Capell.<\/p>\n<p style=\"font-weight: 400;\">Asimismo, inst\u00f3 a las autoridades del sistema de justicia a actuar con responsabilidad y a garantizar que las decisiones adoptadas est\u00e9n fundamentadas en la ley y en la seguridad de la ciudadan\u00eda.<\/p>\n<p style=\"font-weight: 400;\">El abogado y comunicador tambi\u00e9n exhort\u00f3 al Gobierno dominicano a mantenerse atento al proceso, se\u00f1alando que hechos de esta naturaleza podr\u00edan generar preocupaci\u00f3n en la poblaci\u00f3n si no se manejan con transparencia y apego a la justicia.<\/p>\n","protected":false},"excerpt":{"rendered":"<p>Santo Domingo, R.D. \u2013 El abogado y comunicador Jhossan Capell denunci\u00f3 hoy p\u00fablicamente que existir\u00edan planes para poner en libertad el pr\u00f3ximo 10 de marzo a David Peralta Beltr\u00e9, se\u00f1alado&hellip;<\/p>\n","protected":false},"author":1,"featured_media":19579,"comment_status":"closed","ping_status":"closed","sticky":false,"template":"","format":"standard","meta":{"_jetpack_memberships_contains_paid_content":false,"footnotes":""},"categories":[9],"tags":[3502,3503],"class_list":["post-19578","post","type-post","status-publish","format-standard","has-post-thumbnail","hentry","category-santo-domingo","tag-advierte-sobre-posible-liberacion-de-secuestrador-en-serie","tag-alerta"],"yoast_head":"<!-- This site is optimized with the Yoast SEO plugin v27.4 - https:\/\/yoast.com\/product\/yoast-seo-wordpress\/ -->\n<title>Jhossan Capell advierte sobre posible liberaci\u00f3n de secuestrador en serie; alerta a autoridades - Noticias Dominicanas<\/title>\n<meta name=\"description\" content=\"El comunicador afirm\u00f3 que la eventual excarcelaci\u00f3n del recluso estar\u00eda siendo solicitada alegando problemas de salud, situaci\u00f3n que, seg\u00fan su denuncia, debe ser analizada con cautela por las autoridades judiciales.\" \/>\n<meta name=\"robots\" content=\"index, follow, max-snippet:-1, max-image-preview:large, max-video-preview:-1\" \/>\n<link rel=\"canonical\" href=\"https:\/\/noticiasdominicanas.com\/?p=19578\" \/>\n<meta property=\"og:locale\" content=\"es_ES\" \/>\n<meta property=\"og:type\" content=\"article\" \/>\n<meta property=\"og:title\" content=\"Jhossan Capell advierte sobre posible liberaci\u00f3n de secuestrador en serie; alerta a autoridades - Noticias Dominicanas\" \/>\n<meta property=\"og:description\" content=\"El comunicador afirm\u00f3 que la eventual excarcelaci\u00f3n del recluso estar\u00eda siendo solicitada alegando problemas de salud, situaci\u00f3n que, seg\u00fan su denuncia, debe ser analizada con cautela por las autoridades judiciales.\" \/>\n<meta property=\"og:url\" content=\"https:\/\/noticiasdominicanas.com\/?p=19578\" \/>\n<meta property=\"og:site_name\" content=\"Noticias Dominicanas\" \/>\n<meta property=\"article:publisher\" content=\"https:\/\/www.facebook.com\/notidominicanas\" \/>\n<meta property=\"article:published_time\" content=\"2026-03-09T15:28:39+00:00\" \/>\n<meta property=\"og:image\" content=\"https:\/\/noticiasdominicanas.com\/wp-content\/uploads\/2026\/03\/jhossan-1.jpg\" \/>\n\t<meta property=\"og:image:width\" content=\"1321\" \/>\n\t<meta property=\"og:image:height\" content=\"775\" \/>\n\t<meta property=\"og:image:type\" content=\"image\/jpeg\" \/>\n<meta name=\"author\" content=\"notidom\" \/>\n<meta name=\"twitter:card\" content=\"summary_large_image\" \/>\n<meta name=\"twitter:creator\" content=\"@notidominicanas\" \/>\n<meta name=\"twitter:site\" content=\"@notidominicanas\" \/>\n<meta name=\"twitter:label1\" content=\"Escrito por\" \/>\n\t<meta name=\"twitter:data1\" content=\"notidom\" \/>\n\t<meta name=\"twitter:label2\" content=\"Tiempo de lectura\" \/>\n\t<meta name=\"twitter:data2\" content=\"3 minutos\" \/>\n<script type=\"application\/ld+json\" class=\"yoast-schema-graph\">{\"@context\":\"https:\\\/\\\/schema.org\",\"@graph\":[{\"@type\":\"Article\",\"@id\":\"https:\\\/\\\/noticiasdominicanas.com\\\/?p=19578#article\",\"isPartOf\":{\"@id\":\"https:\\\/\\\/noticiasdominicanas.com\\\/?p=19578\"},\"author\":{\"name\":\"notidom\",\"@id\":\"https:\\\/\\\/noticiasdominicanas.com\\\/#\\\/schema\\\/person\\\/ee8e756960e116e1f0612f86172c5831\"},\"headline\":\"Jhossan Capell advierte sobre posible liberaci\u00f3n de secuestrador en serie; alerta a autoridades\",\"datePublished\":\"2026-03-09T15:28:39+00:00\",\"mainEntityOfPage\":{\"@id\":\"https:\\\/\\\/noticiasdominicanas.com\\\/?p=19578\"},\"wordCount\":487,\"publisher\":{\"@id\":\"https:\\\/\\\/noticiasdominicanas.com\\\/#organization\"},\"image\":{\"@id\":\"https:\\\/\\\/noticiasdominicanas.com\\\/?p=19578#primaryimage\"},\"thumbnailUrl\":\"https:\\\/\\\/i0.wp.com\\\/noticiasdominicanas.com\\\/wp-content\\\/uploads\\\/2026\\\/03\\\/jhossan-1.jpg?fit=1321%2C775&ssl=1\",\"keywords\":[\"advierte sobre posible liberaci\u00f3n de secuestrador en serie\",\"Alerta\"],\"articleSection\":[\"Santo domingo\"],\"inLanguage\":\"es\"},{\"@type\":\"WebPage\",\"@id\":\"https:\\\/\\\/noticiasdominicanas.com\\\/?p=19578\",\"url\":\"https:\\\/\\\/noticiasdominicanas.com\\\/?p=19578\",\"name\":\"Jhossan Capell advierte sobre posible liberaci\u00f3n de secuestrador en serie; alerta a autoridades - Noticias Dominicanas\",\"isPartOf\":{\"@id\":\"https:\\\/\\\/noticiasdominicanas.com\\\/#website\"},\"primaryImageOfPage\":{\"@id\":\"https:\\\/\\\/noticiasdominicanas.com\\\/?p=19578#primaryimage\"},\"image\":{\"@id\":\"https:\\\/\\\/noticiasdominicanas.com\\\/?p=19578#primaryimage\"},\"thumbnailUrl\":\"https:\\\/\\\/i0.wp.com\\\/noticiasdominicanas.com\\\/wp-content\\\/uploads\\\/2026\\\/03\\\/jhossan-1.jpg?fit=1321%2C775&ssl=1\",\"datePublished\":\"2026-03-09T15:28:39+00:00\",\"description\":\"El comunicador afirm\u00f3 que la eventual excarcelaci\u00f3n del recluso estar\u00eda siendo solicitada alegando problemas de salud, situaci\u00f3n que, seg\u00fan su denuncia, debe ser analizada con cautela por las autoridades judiciales.\",\"breadcrumb\":{\"@id\":\"https:\\\/\\\/noticiasdominicanas.com\\\/?p=19578#breadcrumb\"},\"inLanguage\":\"es\",\"potentialAction\":[{\"@type\":\"ReadAction\",\"target\":[\"https:\\\/\\\/noticiasdominicanas.com\\\/?p=19578\"]}]},{\"@type\":\"ImageObject\",\"inLanguage\":\"es\",\"@id\":\"https:\\\/\\\/noticiasdominicanas.com\\\/?p=19578#primaryimage\",\"url\":\"https:\\\/\\\/i0.wp.com\\\/noticiasdominicanas.com\\\/wp-content\\\/uploads\\\/2026\\\/03\\\/jhossan-1.jpg?fit=1321%2C775&ssl=1\",\"contentUrl\":\"https:\\\/\\\/i0.wp.com\\\/noticiasdominicanas.com\\\/wp-content\\\/uploads\\\/2026\\\/03\\\/jhossan-1.jpg?fit=1321%2C775&ssl=1\",\"width\":1321,\"height\":775},{\"@type\":\"BreadcrumbList\",\"@id\":\"https:\\\/\\\/noticiasdominicanas.com\\\/?p=19578#breadcrumb\",\"itemListElement\":[{\"@type\":\"ListItem\",\"position\":1,\"name\":\"Home\",\"item\":\"https:\\\/\\\/noticiasdominicanas.com\\\/\"},{\"@type\":\"ListItem\",\"position\":2,\"name\":\"Jhossan Capell advierte sobre posible liberaci\u00f3n de secuestrador en serie; alerta a autoridades\"}]},{\"@type\":\"WebSite\",\"@id\":\"https:\\\/\\\/noticiasdominicanas.com\\\/#website\",\"url\":\"https:\\\/\\\/noticiasdominicanas.com\\\/\",\"name\":\"Noticias Dominicanas\",\"description\":\"Noticias y opiniones desde Rep\u00fablica Dominicana\",\"publisher\":{\"@id\":\"https:\\\/\\\/noticiasdominicanas.com\\\/#organization\"},\"potentialAction\":[{\"@type\":\"SearchAction\",\"target\":{\"@type\":\"EntryPoint\",\"urlTemplate\":\"https:\\\/\\\/noticiasdominicanas.com\\\/?s={search_term_string}\"},\"query-input\":{\"@type\":\"PropertyValueSpecification\",\"valueRequired\":true,\"valueName\":\"search_term_string\"}}],\"inLanguage\":\"es\"},{\"@type\":\"Organization\",\"@id\":\"https:\\\/\\\/noticiasdominicanas.com\\\/#organization\",\"name\":\"Noticias Dominicanas\",\"url\":\"https:\\\/\\\/noticiasdominicanas.com\\\/\",\"logo\":{\"@type\":\"ImageObject\",\"inLanguage\":\"es\",\"@id\":\"https:\\\/\\\/noticiasdominicanas.com\\\/#\\\/schema\\\/logo\\\/image\\\/\",\"url\":\"https:\\\/\\\/i0.wp.com\\\/noticiasdominicanas.com\\\/wp-content\\\/uploads\\\/2013\\\/12\\\/logo-noticias-dominicanas-web.png?fit=380%2C100&ssl=1\",\"contentUrl\":\"https:\\\/\\\/i0.wp.com\\\/noticiasdominicanas.com\\\/wp-content\\\/uploads\\\/2013\\\/12\\\/logo-noticias-dominicanas-web.png?fit=380%2C100&ssl=1\",\"width\":380,\"height\":100,\"caption\":\"Noticias Dominicanas\"},\"image\":{\"@id\":\"https:\\\/\\\/noticiasdominicanas.com\\\/#\\\/schema\\\/logo\\\/image\\\/\"},\"sameAs\":[\"https:\\\/\\\/www.facebook.com\\\/notidominicanas\",\"https:\\\/\\\/x.com\\\/notidominicanas\",\"https:\\\/\\\/www.instagram.com\\\/ndominicanas\\\/\"]},{\"@type\":\"Person\",\"@id\":\"https:\\\/\\\/noticiasdominicanas.com\\\/#\\\/schema\\\/person\\\/ee8e756960e116e1f0612f86172c5831\",\"name\":\"notidom\",\"image\":{\"@type\":\"ImageObject\",\"inLanguage\":\"es\",\"@id\":\"https:\\\/\\\/secure.gravatar.com\\\/avatar\\\/f184cef738a2e7a54f4d1f52522b7a733332543fce5bbc31311546a99cd995e1?s=96&d=mm&r=g\",\"url\":\"https:\\\/\\\/secure.gravatar.com\\\/avatar\\\/f184cef738a2e7a54f4d1f52522b7a733332543fce5bbc31311546a99cd995e1?s=96&d=mm&r=g\",\"contentUrl\":\"https:\\\/\\\/secure.gravatar.com\\\/avatar\\\/f184cef738a2e7a54f4d1f52522b7a733332543fce5bbc31311546a99cd995e1?s=96&d=mm&r=g\",\"caption\":\"notidom\"},\"url\":\"https:\\\/\\\/noticiasdominicanas.com\\\/?author=1\"}]}<\/script>\n<!-- \/ Yoast SEO plugin. -->","yoast_head_json":{"title":"Jhossan Capell advierte sobre posible liberaci\u00f3n de secuestrador en serie; alerta a autoridades - Noticias Dominicanas","description":"El comunicador afirm\u00f3 que la eventual excarcelaci\u00f3n del recluso estar\u00eda siendo solicitada alegando problemas de salud, situaci\u00f3n que, seg\u00fan su denuncia, debe ser analizada con cautela por las autoridades judiciales.","robots":{"index":"index","follow":"follow","max-snippet":"max-snippet:-1","max-image-preview":"max-image-preview:large","max-video-preview":"max-video-preview:-1"},"canonical":"https:\/\/noticiasdominicanas.com\/?p=19578","og_locale":"es_ES","og_type":"article","og_title":"Jhossan Capell advierte sobre posible liberaci\u00f3n de secuestrador en serie; alerta a autoridades - Noticias Dominicanas","og_description":"El comunicador afirm\u00f3 que la eventual excarcelaci\u00f3n del recluso estar\u00eda siendo solicitada alegando problemas de salud, situaci\u00f3n que, seg\u00fan su denuncia, debe ser analizada con cautela por las autoridades judiciales.","og_url":"https:\/\/noticiasdominicanas.com\/?p=19578","og_site_name":"Noticias Dominicanas","article_publisher":"https:\/\/www.facebook.com\/notidominicanas","article_published_time":"2026-03-09T15:28:39+00:00","og_image":[{"width":1321,"height":775,"url":"https:\/\/noticiasdominicanas.com\/wp-content\/uploads\/2026\/03\/jhossan-1.jpg","type":"image\/jpeg"}],"author":"notidom","twitter_card":"summary_large_image","twitter_creator":"@notidominicanas","twitter_site":"@notidominicanas","twitter_misc":{"Escrito por":"notidom","Tiempo de lectura":"3 minutos"},"schema":{"@context":"https:\/\/schema.org","@graph":[{"@type":"Article","@id":"https:\/\/noticiasdominicanas.com\/?p=19578#article","isPartOf":{"@id":"https:\/\/noticiasdominicanas.com\/?p=19578"},"author":{"name":"notidom","@id":"https:\/\/noticiasdominicanas.com\/#\/schema\/person\/ee8e756960e116e1f0612f86172c5831"},"headline":"Jhossan Capell advierte sobre posible liberaci\u00f3n de secuestrador en serie; alerta a autoridades","datePublished":"2026-03-09T15:28:39+00:00","mainEntityOfPage":{"@id":"https:\/\/noticiasdominicanas.com\/?p=19578"},"wordCount":487,"publisher":{"@id":"https:\/\/noticiasdominicanas.com\/#organization"},"image":{"@id":"https:\/\/noticiasdominicanas.com\/?p=19578#primaryimage"},"thumbnailUrl":"https:\/\/i0.wp.com\/noticiasdominicanas.com\/wp-content\/uploads\/2026\/03\/jhossan-1.jpg?fit=1321%2C775&ssl=1","keywords":["advierte sobre posible liberaci\u00f3n de secuestrador en serie","Alerta"],"articleSection":["Santo domingo"],"inLanguage":"es"},{"@type":"WebPage","@id":"https:\/\/noticiasdominicanas.com\/?p=19578","url":"https:\/\/noticiasdominicanas.com\/?p=19578","name":"Jhossan Capell advierte sobre posible liberaci\u00f3n de secuestrador en serie; alerta a autoridades - Noticias Dominicanas","isPartOf":{"@id":"https:\/\/noticiasdominicanas.com\/#website"},"primaryImageOfPage":{"@id":"https:\/\/noticiasdominicanas.com\/?p=19578#primaryimage"},"image":{"@id":"https:\/\/noticiasdominicanas.com\/?p=19578#primaryimage"},"thumbnailUrl":"https:\/\/i0.wp.com\/noticiasdominicanas.com\/wp-content\/uploads\/2026\/03\/jhossan-1.jpg?fit=1321%2C775&ssl=1","datePublished":"2026-03-09T15:28:39+00:00","description":"El comunicador afirm\u00f3 que la eventual excarcelaci\u00f3n del recluso estar\u00eda siendo solicitada alegando problemas de salud, situaci\u00f3n que, seg\u00fan su denuncia, debe ser analizada con cautela por las autoridades judiciales.","breadcrumb":{"@id":"https:\/\/noticiasdominicanas.com\/?p=19578#breadcrumb"},"inLanguage":"es","potentialAction":[{"@type":"ReadAction","target":["https:\/\/noticiasdominicanas.com\/?p=19578"]}]},{"@type":"ImageObject","inLanguage":"es","@id":"https:\/\/noticiasdominicanas.com\/?p=19578#primaryimage","url":"https:\/\/i0.wp.com\/noticiasdominicanas.com\/wp-content\/uploads\/2026\/03\/jhossan-1.jpg?fit=1321%2C775&ssl=1","contentUrl":"https:\/\/i0.wp.com\/noticiasdominicanas.com\/wp-content\/uploads\/2026\/03\/jhossan-1.jpg?fit=1321%2C775&ssl=1","width":1321,"height":775},{"@type":"BreadcrumbList","@id":"https:\/\/noticiasdominicanas.com\/?p=19578#breadcrumb","itemListElement":[{"@type":"ListItem","position":1,"name":"Home","item":"https:\/\/noticiasdominicanas.com\/"},{"@type":"ListItem","position":2,"name":"Jhossan Capell advierte sobre posible liberaci\u00f3n de secuestrador en serie; alerta a autoridades"}]},{"@type":"WebSite","@id":"https:\/\/noticiasdominicanas.com\/#website","url":"https:\/\/noticiasdominicanas.com\/","name":"Noticias Dominicanas","description":"Noticias y opiniones desde Rep\u00fablica Dominicana","publisher":{"@id":"https:\/\/noticiasdominicanas.com\/#organization"},"potentialAction":[{"@type":"SearchAction","target":{"@type":"EntryPoint","urlTemplate":"https:\/\/noticiasdominicanas.com\/?s={search_term_string}"},"query-input":{"@type":"PropertyValueSpecification","valueRequired":true,"valueName":"search_term_string"}}],"inLanguage":"es"},{"@type":"Organization","@id":"https:\/\/noticiasdominicanas.com\/#organization","name":"Noticias Dominicanas","url":"https:\/\/noticiasdominicanas.com\/","logo":{"@type":"ImageObject","inLanguage":"es","@id":"https:\/\/noticiasdominicanas.com\/#\/schema\/logo\/image\/","url":"https:\/\/i0.wp.com\/noticiasdominicanas.com\/wp-content\/uploads\/2013\/12\/logo-noticias-dominicanas-web.png?fit=380%2C100&ssl=1","contentUrl":"https:\/\/i0.wp.com\/noticiasdominicanas.com\/wp-content\/uploads\/2013\/12\/logo-noticias-dominicanas-web.png?fit=380%2C100&ssl=1","width":380,"height":100,"caption":"Noticias Dominicanas"},"image":{"@id":"https:\/\/noticiasdominicanas.com\/#\/schema\/logo\/image\/"},"sameAs":["https:\/\/www.facebook.com\/notidominicanas","https:\/\/x.com\/notidominicanas","https:\/\/www.instagram.com\/ndominicanas\/"]},{"@type":"Person","@id":"https:\/\/noticiasdominicanas.com\/#\/schema\/person\/ee8e756960e116e1f0612f86172c5831","name":"notidom","image":{"@type":"ImageObject","inLanguage":"es","@id":"https:\/\/secure.gravatar.com\/avatar\/f184cef738a2e7a54f4d1f52522b7a733332543fce5bbc31311546a99cd995e1?s=96&d=mm&r=g","url":"https:\/\/secure.gravatar.com\/avatar\/f184cef738a2e7a54f4d1f52522b7a733332543fce5bbc31311546a99cd995e1?s=96&d=mm&r=g","contentUrl":"https:\/\/secure.gravatar.com\/avatar\/f184cef738a2e7a54f4d1f52522b7a733332543fce5bbc31311546a99cd995e1?s=96&d=mm&r=g","caption":"notidom"},"url":"https:\/\/noticiasdominicanas.com\/?author=1"}]}},"jetpack_featured_media_url":"https:\/\/i0.wp.com\/noticiasdominicanas.com\/wp-content\/uploads\/2026\/03\/jhossan-1.jpg?fit=1321%2C775&ssl=1","jetpack_sharing_enabled":true,"_links":{"self":[{"href":"https:\/\/noticiasdominicanas.com\/index.php?rest_route=\/wp\/v2\/posts\/19578","targetHints":{"allow":["GET"]}}],"collection":[{"href":"https:\/\/noticiasdominicanas.com\/index.php?rest_route=\/wp\/v2\/posts"}],"about":[{"href":"https:\/\/noticiasdominicanas.com\/index.php?rest_route=\/wp\/v2\/types\/post"}],"author":[{"embeddable":true,"href":"https:\/\/noticiasdominicanas.com\/index.php?rest_route=\/wp\/v2\/users\/1"}],"replies":[{"embeddable":true,"href":"https:\/\/noticiasdominicanas.com\/index.php?rest_route=%2Fwp%2Fv2%2Fcomments&post=19578"}],"version-history":[{"count":1,"href":"https:\/\/noticiasdominicanas.com\/index.php?rest_route=\/wp\/v2\/posts\/19578\/revisions"}],"predecessor-version":[{"id":19580,"href":"https:\/\/noticiasdominicanas.com\/index.php?rest_route=\/wp\/v2\/posts\/19578\/revisions\/19580"}],"wp:featuredmedia":[{"embeddable":true,"href":"https:\/\/noticiasdominicanas.com\/index.php?rest_route=\/wp\/v2\/media\/19579"}],"wp:attachment":[{"href":"https:\/\/noticiasdominicanas.com\/index.php?rest_route=%2Fwp%2Fv2%2Fmedia&parent=19578"}],"wp:term":[{"taxonomy":"category","embeddable":true,"href":"https:\/\/noticiasdominicanas.com\/index.php?rest_route=%2Fwp%2Fv2%2Fcategories&post=19578"},{"taxonomy":"post_tag","embeddable":true,"href":"https:\/\/noticiasdominicanas.com\/index.php?rest_route=%2Fwp%2Fv2%2Ftags&post=19578"}],"curies":[{"name":"wp","href":"https:\/\/api.w.org\/{rel}","templated":true}]}}