{"id":19574,"date":"2026-03-09T11:07:27","date_gmt":"2026-03-09T15:07:27","guid":{"rendered":"https:\/\/noticiasdominicanas.com\/?p=19574"},"modified":"2026-03-09T11:25:55","modified_gmt":"2026-03-09T15:25:55","slug":"fp-fortalece-formacion-legal-de-ciudadanos-en-la-provincia-valverde","status":"publish","type":"post","link":"https:\/\/noticiasdominicanas.com\/?p=19574","title":{"rendered":"FP fortalece formaci\u00f3n legal de ciudadanos en la Provincia Valverde"},"content":{"rendered":"<p><strong>MAO, VALVERDE, R.D.<\/strong> \u2013 En un esfuerzo por dotar a la ciudadan\u00eda de herramientas jur\u00eddicas actualizadas, la Secretar\u00eda de Asuntos Jur\u00eddicos del partido Fuerza del Pueblo (FP) celebr\u00f3 hoy con \u00e9xito la jornada formativa \u201c<strong>Novedades del Nuevo C\u00f3digo Penal\u201d<\/strong>, centrada en el an\u00e1lisis profundo de la reciente <strong>Ley 74-25<\/strong>.<\/p>\n<p>El encuentro, que tuvo lugar en el local municipal de la organizaci\u00f3n en esta ciudad, cont\u00f3 con la magistral disertaci\u00f3n del profesor universitario <strong>Manuel Mateo Calder\u00f3n<\/strong>. Ante una audiencia compuesta por profesionales del derecho, l\u00edderes comunitarios y ciudadanos interesados, el acad\u00e9mico desglos\u00f3 los aspectos m\u00e1s cr\u00edticos de la nueva normativa, enfoc\u00e1ndose en su aplicaci\u00f3n pr\u00e1ctica y los derechos que ahora asisten a la poblaci\u00f3n.<\/p>\n<h3>Un puente entre la ley y el ciudadano<\/h3>\n<p>El titular de la Secretar\u00eda de Asuntos Jur\u00eddicos, <strong>Dr. Ra\u00fal Mart\u00ednez<\/strong>, destac\u00f3 que esta iniciativa no es solo acad\u00e9mica, sino un ejercicio de empoderamiento civil. <em>\u00abNuestra misi\u00f3n es asegurar que ning\u00fan dominicano se sienta desprotegido por desconocimiento. Con la Ley 74-25, el ciudadano tiene mecanismos claros para canalizar reclamaciones ante las autoridades, y desde la Fuerza del Pueblo estamos facilitando ese camino\u00bb<\/em> , afirm\u00f3 Mart\u00ednez durante la apertura del acto.<\/p>\n<p>Durante la jornada, los asistentes participaron en un intercambio din\u00e1mico sobre las regulaciones introducidas recientemente, las cuales buscan agilizar los procesos judiciales y garantizar una justicia m\u00e1s transparente y accesible para todos los sectores de la sociedad.<\/p>\n<h3>Formaci\u00f3n con visi\u00f3n de Estado<\/h3>\n<p>Este evento en la <strong>Provincia Valverde<\/strong> forma parte de un despliegue nacional de capacitaci\u00f3n t\u00e9cnica que busca elevar el nivel del debate pol\u00edtico en el pa\u00eds. Al combinar la formaci\u00f3n legal con la acci\u00f3n pol\u00edtica, la Fuerza del Pueblo reafirma la solidez de sus propuestas electorales.<\/p>\n<p>Para los organizadores, la creciente aceptaci\u00f3n de la candidatura de Fern\u00e1ndez en la l\u00ednea noroeste se sustenta en este tipo de iniciativas, que demuestran un compromiso real con la educaci\u00f3n y la soluci\u00f3n de los problemas estructurales del sistema de justicia dominicano.<\/p>\n<p>Al cierre de la actividad, se anunci\u00f3 que estas jornadas de difusi\u00f3n continuar\u00e1n recorriendo las distintas provincias del pa\u00eds, llevando claridad sobre el contenido legal que regir\u00e1 la convivencia social en los pr\u00f3ximos a\u00f1os.<\/p>\n<p>&nbsp;<\/p>\n","protected":false},"excerpt":{"rendered":"<p>El titular de la Secretar\u00eda de Asuntos Jur\u00eddicos, Dr. Ra\u00fal Mart\u00ednez, destac\u00f3 que esta iniciativa no es solo acad\u00e9mica, sino un ejercicio de empoderamiento civil. \u00abNuestra misi\u00f3n es asegurar que ning\u00fan dominicano se sienta desprotegido por desconocimiento. Con la Ley 74-25, el ciudadano tiene mecanismos claros para canalizar reclamaciones ante las autoridades, y desde la Fuerza del Pueblo estamos facilitando ese camino\u00bb , afirm\u00f3 Mart\u00ednez durante la apertura del acto.<\/p>\n","protected":false},"author":1,"featured_media":19575,"comment_status":"closed","ping_status":"closed","sticky":false,"template":"","format":"standard","meta":{"_jetpack_memberships_contains_paid_content":false,"footnotes":""},"categories":[7],"tags":[1964],"class_list":["post-19574","post","type-post","status-publish","format-standard","has-post-thumbnail","hentry","category-politica","tag-fuerza-del-pueblo"],"yoast_head":"<!-- This site is optimized with the Yoast SEO plugin v27.4 - https:\/\/yoast.com\/product\/yoast-seo-wordpress\/ -->\n<title>FP fortalece formaci\u00f3n legal de ciudadanos en la Provincia Valverde - Noticias Dominicanas<\/title>\n<meta name=\"robots\" content=\"index, follow, max-snippet:-1, max-image-preview:large, max-video-preview:-1\" \/>\n<link rel=\"canonical\" href=\"https:\/\/noticiasdominicanas.com\/?p=19574\" \/>\n<meta property=\"og:locale\" content=\"es_ES\" \/>\n<meta property=\"og:type\" content=\"article\" \/>\n<meta property=\"og:title\" content=\"FP fortalece formaci\u00f3n legal de ciudadanos en la Provincia Valverde - Noticias Dominicanas\" \/>\n<meta property=\"og:description\" content=\"El titular de la Secretar\u00eda de Asuntos Jur\u00eddicos, Dr. Ra\u00fal Mart\u00ednez, destac\u00f3 que esta iniciativa no es solo acad\u00e9mica, sino un ejercicio de empoderamiento civil. &quot;Nuestra misi\u00f3n es asegurar que ning\u00fan dominicano se sienta desprotegido por desconocimiento. Con la Ley 74-25, el ciudadano tiene mecanismos claros para canalizar reclamaciones ante las autoridades, y desde la Fuerza del Pueblo estamos facilitando ese camino&quot; , afirm\u00f3 Mart\u00ednez durante la apertura del acto.\" \/>\n<meta property=\"og:url\" content=\"https:\/\/noticiasdominicanas.com\/?p=19574\" \/>\n<meta property=\"og:site_name\" content=\"Noticias Dominicanas\" \/>\n<meta property=\"article:publisher\" content=\"https:\/\/www.facebook.com\/notidominicanas\" \/>\n<meta property=\"article:published_time\" content=\"2026-03-09T15:07:27+00:00\" \/>\n<meta property=\"article:modified_time\" content=\"2026-03-09T15:25:55+00:00\" \/>\n<meta property=\"og:image\" content=\"https:\/\/noticiasdominicanas.com\/wp-content\/uploads\/2026\/03\/Valverde-Mao.jpeg\" \/>\n\t<meta property=\"og:image:width\" content=\"1200\" \/>\n\t<meta property=\"og:image:height\" content=\"1250\" \/>\n\t<meta property=\"og:image:type\" content=\"image\/jpeg\" \/>\n<meta name=\"author\" content=\"notidom\" \/>\n<meta name=\"twitter:card\" content=\"summary_large_image\" \/>\n<meta name=\"twitter:creator\" content=\"@notidominicanas\" \/>\n<meta name=\"twitter:site\" content=\"@notidominicanas\" \/>\n<meta name=\"twitter:label1\" content=\"Escrito por\" \/>\n\t<meta name=\"twitter:data1\" content=\"notidom\" \/>\n\t<meta name=\"twitter:label2\" content=\"Tiempo de lectura\" \/>\n\t<meta name=\"twitter:data2\" content=\"2 minutos\" \/>\n<script type=\"application\/ld+json\" class=\"yoast-schema-graph\">{\"@context\":\"https:\\\/\\\/schema.org\",\"@graph\":[{\"@type\":\"Article\",\"@id\":\"https:\\\/\\\/noticiasdominicanas.com\\\/?p=19574#article\",\"isPartOf\":{\"@id\":\"https:\\\/\\\/noticiasdominicanas.com\\\/?p=19574\"},\"author\":{\"name\":\"notidom\",\"@id\":\"https:\\\/\\\/noticiasdominicanas.com\\\/#\\\/schema\\\/person\\\/ee8e756960e116e1f0612f86172c5831\"},\"headline\":\"FP fortalece formaci\u00f3n legal de ciudadanos en la Provincia Valverde\",\"datePublished\":\"2026-03-09T15:07:27+00:00\",\"dateModified\":\"2026-03-09T15:25:55+00:00\",\"mainEntityOfPage\":{\"@id\":\"https:\\\/\\\/noticiasdominicanas.com\\\/?p=19574\"},\"wordCount\":412,\"publisher\":{\"@id\":\"https:\\\/\\\/noticiasdominicanas.com\\\/#organization\"},\"image\":{\"@id\":\"https:\\\/\\\/noticiasdominicanas.com\\\/?p=19574#primaryimage\"},\"thumbnailUrl\":\"https:\\\/\\\/i0.wp.com\\\/noticiasdominicanas.com\\\/wp-content\\\/uploads\\\/2026\\\/03\\\/Valverde-Mao.jpeg?fit=1200%2C1250&ssl=1\",\"keywords\":[\"Fuerza del pueblo\"],\"articleSection\":[\"Pol\u00edtica\"],\"inLanguage\":\"es\"},{\"@type\":\"WebPage\",\"@id\":\"https:\\\/\\\/noticiasdominicanas.com\\\/?p=19574\",\"url\":\"https:\\\/\\\/noticiasdominicanas.com\\\/?p=19574\",\"name\":\"FP fortalece formaci\u00f3n legal de ciudadanos en la Provincia Valverde - Noticias Dominicanas\",\"isPartOf\":{\"@id\":\"https:\\\/\\\/noticiasdominicanas.com\\\/#website\"},\"primaryImageOfPage\":{\"@id\":\"https:\\\/\\\/noticiasdominicanas.com\\\/?p=19574#primaryimage\"},\"image\":{\"@id\":\"https:\\\/\\\/noticiasdominicanas.com\\\/?p=19574#primaryimage\"},\"thumbnailUrl\":\"https:\\\/\\\/i0.wp.com\\\/noticiasdominicanas.com\\\/wp-content\\\/uploads\\\/2026\\\/03\\\/Valverde-Mao.jpeg?fit=1200%2C1250&ssl=1\",\"datePublished\":\"2026-03-09T15:07:27+00:00\",\"dateModified\":\"2026-03-09T15:25:55+00:00\",\"breadcrumb\":{\"@id\":\"https:\\\/\\\/noticiasdominicanas.com\\\/?p=19574#breadcrumb\"},\"inLanguage\":\"es\",\"potentialAction\":[{\"@type\":\"ReadAction\",\"target\":[\"https:\\\/\\\/noticiasdominicanas.com\\\/?p=19574\"]}]},{\"@type\":\"ImageObject\",\"inLanguage\":\"es\",\"@id\":\"https:\\\/\\\/noticiasdominicanas.com\\\/?p=19574#primaryimage\",\"url\":\"https:\\\/\\\/i0.wp.com\\\/noticiasdominicanas.com\\\/wp-content\\\/uploads\\\/2026\\\/03\\\/Valverde-Mao.jpeg?fit=1200%2C1250&ssl=1\",\"contentUrl\":\"https:\\\/\\\/i0.wp.com\\\/noticiasdominicanas.com\\\/wp-content\\\/uploads\\\/2026\\\/03\\\/Valverde-Mao.jpeg?fit=1200%2C1250&ssl=1\",\"width\":1200,\"height\":1250},{\"@type\":\"BreadcrumbList\",\"@id\":\"https:\\\/\\\/noticiasdominicanas.com\\\/?p=19574#breadcrumb\",\"itemListElement\":[{\"@type\":\"ListItem\",\"position\":1,\"name\":\"Home\",\"item\":\"https:\\\/\\\/noticiasdominicanas.com\\\/\"},{\"@type\":\"ListItem\",\"position\":2,\"name\":\"FP fortalece formaci\u00f3n legal de ciudadanos en la Provincia Valverde\"}]},{\"@type\":\"WebSite\",\"@id\":\"https:\\\/\\\/noticiasdominicanas.com\\\/#website\",\"url\":\"https:\\\/\\\/noticiasdominicanas.com\\\/\",\"name\":\"Noticias Dominicanas\",\"description\":\"Noticias y opiniones desde Rep\u00fablica Dominicana\",\"publisher\":{\"@id\":\"https:\\\/\\\/noticiasdominicanas.com\\\/#organization\"},\"potentialAction\":[{\"@type\":\"SearchAction\",\"target\":{\"@type\":\"EntryPoint\",\"urlTemplate\":\"https:\\\/\\\/noticiasdominicanas.com\\\/?s={search_term_string}\"},\"query-input\":{\"@type\":\"PropertyValueSpecification\",\"valueRequired\":true,\"valueName\":\"search_term_string\"}}],\"inLanguage\":\"es\"},{\"@type\":\"Organization\",\"@id\":\"https:\\\/\\\/noticiasdominicanas.com\\\/#organization\",\"name\":\"Noticias Dominicanas\",\"url\":\"https:\\\/\\\/noticiasdominicanas.com\\\/\",\"logo\":{\"@type\":\"ImageObject\",\"inLanguage\":\"es\",\"@id\":\"https:\\\/\\\/noticiasdominicanas.com\\\/#\\\/schema\\\/logo\\\/image\\\/\",\"url\":\"https:\\\/\\\/i0.wp.com\\\/noticiasdominicanas.com\\\/wp-content\\\/uploads\\\/2013\\\/12\\\/logo-noticias-dominicanas-web.png?fit=380%2C100&ssl=1\",\"contentUrl\":\"https:\\\/\\\/i0.wp.com\\\/noticiasdominicanas.com\\\/wp-content\\\/uploads\\\/2013\\\/12\\\/logo-noticias-dominicanas-web.png?fit=380%2C100&ssl=1\",\"width\":380,\"height\":100,\"caption\":\"Noticias Dominicanas\"},\"image\":{\"@id\":\"https:\\\/\\\/noticiasdominicanas.com\\\/#\\\/schema\\\/logo\\\/image\\\/\"},\"sameAs\":[\"https:\\\/\\\/www.facebook.com\\\/notidominicanas\",\"https:\\\/\\\/x.com\\\/notidominicanas\",\"https:\\\/\\\/www.instagram.com\\\/ndominicanas\\\/\"]},{\"@type\":\"Person\",\"@id\":\"https:\\\/\\\/noticiasdominicanas.com\\\/#\\\/schema\\\/person\\\/ee8e756960e116e1f0612f86172c5831\",\"name\":\"notidom\",\"image\":{\"@type\":\"ImageObject\",\"inLanguage\":\"es\",\"@id\":\"https:\\\/\\\/secure.gravatar.com\\\/avatar\\\/f184cef738a2e7a54f4d1f52522b7a733332543fce5bbc31311546a99cd995e1?s=96&d=mm&r=g\",\"url\":\"https:\\\/\\\/secure.gravatar.com\\\/avatar\\\/f184cef738a2e7a54f4d1f52522b7a733332543fce5bbc31311546a99cd995e1?s=96&d=mm&r=g\",\"contentUrl\":\"https:\\\/\\\/secure.gravatar.com\\\/avatar\\\/f184cef738a2e7a54f4d1f52522b7a733332543fce5bbc31311546a99cd995e1?s=96&d=mm&r=g\",\"caption\":\"notidom\"},\"url\":\"https:\\\/\\\/noticiasdominicanas.com\\\/?author=1\"}]}<\/script>\n<!-- \/ Yoast SEO plugin. -->","yoast_head_json":{"title":"FP fortalece formaci\u00f3n legal de ciudadanos en la Provincia Valverde - Noticias Dominicanas","robots":{"index":"index","follow":"follow","max-snippet":"max-snippet:-1","max-image-preview":"max-image-preview:large","max-video-preview":"max-video-preview:-1"},"canonical":"https:\/\/noticiasdominicanas.com\/?p=19574","og_locale":"es_ES","og_type":"article","og_title":"FP fortalece formaci\u00f3n legal de ciudadanos en la Provincia Valverde - Noticias Dominicanas","og_description":"El titular de la Secretar\u00eda de Asuntos Jur\u00eddicos, Dr. Ra\u00fal Mart\u00ednez, destac\u00f3 que esta iniciativa no es solo acad\u00e9mica, sino un ejercicio de empoderamiento civil. \"Nuestra misi\u00f3n es asegurar que ning\u00fan dominicano se sienta desprotegido por desconocimiento. Con la Ley 74-25, el ciudadano tiene mecanismos claros para canalizar reclamaciones ante las autoridades, y desde la Fuerza del Pueblo estamos facilitando ese camino\" , afirm\u00f3 Mart\u00ednez durante la apertura del acto.","og_url":"https:\/\/noticiasdominicanas.com\/?p=19574","og_site_name":"Noticias Dominicanas","article_publisher":"https:\/\/www.facebook.com\/notidominicanas","article_published_time":"2026-03-09T15:07:27+00:00","article_modified_time":"2026-03-09T15:25:55+00:00","og_image":[{"width":1200,"height":1250,"url":"https:\/\/noticiasdominicanas.com\/wp-content\/uploads\/2026\/03\/Valverde-Mao.jpeg","type":"image\/jpeg"}],"author":"notidom","twitter_card":"summary_large_image","twitter_creator":"@notidominicanas","twitter_site":"@notidominicanas","twitter_misc":{"Escrito por":"notidom","Tiempo de lectura":"2 minutos"},"schema":{"@context":"https:\/\/schema.org","@graph":[{"@type":"Article","@id":"https:\/\/noticiasdominicanas.com\/?p=19574#article","isPartOf":{"@id":"https:\/\/noticiasdominicanas.com\/?p=19574"},"author":{"name":"notidom","@id":"https:\/\/noticiasdominicanas.com\/#\/schema\/person\/ee8e756960e116e1f0612f86172c5831"},"headline":"FP fortalece formaci\u00f3n legal de ciudadanos en la Provincia Valverde","datePublished":"2026-03-09T15:07:27+00:00","dateModified":"2026-03-09T15:25:55+00:00","mainEntityOfPage":{"@id":"https:\/\/noticiasdominicanas.com\/?p=19574"},"wordCount":412,"publisher":{"@id":"https:\/\/noticiasdominicanas.com\/#organization"},"image":{"@id":"https:\/\/noticiasdominicanas.com\/?p=19574#primaryimage"},"thumbnailUrl":"https:\/\/i0.wp.com\/noticiasdominicanas.com\/wp-content\/uploads\/2026\/03\/Valverde-Mao.jpeg?fit=1200%2C1250&ssl=1","keywords":["Fuerza del pueblo"],"articleSection":["Pol\u00edtica"],"inLanguage":"es"},{"@type":"WebPage","@id":"https:\/\/noticiasdominicanas.com\/?p=19574","url":"https:\/\/noticiasdominicanas.com\/?p=19574","name":"FP fortalece formaci\u00f3n legal de ciudadanos en la Provincia Valverde - Noticias Dominicanas","isPartOf":{"@id":"https:\/\/noticiasdominicanas.com\/#website"},"primaryImageOfPage":{"@id":"https:\/\/noticiasdominicanas.com\/?p=19574#primaryimage"},"image":{"@id":"https:\/\/noticiasdominicanas.com\/?p=19574#primaryimage"},"thumbnailUrl":"https:\/\/i0.wp.com\/noticiasdominicanas.com\/wp-content\/uploads\/2026\/03\/Valverde-Mao.jpeg?fit=1200%2C1250&ssl=1","datePublished":"2026-03-09T15:07:27+00:00","dateModified":"2026-03-09T15:25:55+00:00","breadcrumb":{"@id":"https:\/\/noticiasdominicanas.com\/?p=19574#breadcrumb"},"inLanguage":"es","potentialAction":[{"@type":"ReadAction","target":["https:\/\/noticiasdominicanas.com\/?p=19574"]}]},{"@type":"ImageObject","inLanguage":"es","@id":"https:\/\/noticiasdominicanas.com\/?p=19574#primaryimage","url":"https:\/\/i0.wp.com\/noticiasdominicanas.com\/wp-content\/uploads\/2026\/03\/Valverde-Mao.jpeg?fit=1200%2C1250&ssl=1","contentUrl":"https:\/\/i0.wp.com\/noticiasdominicanas.com\/wp-content\/uploads\/2026\/03\/Valverde-Mao.jpeg?fit=1200%2C1250&ssl=1","width":1200,"height":1250},{"@type":"BreadcrumbList","@id":"https:\/\/noticiasdominicanas.com\/?p=19574#breadcrumb","itemListElement":[{"@type":"ListItem","position":1,"name":"Home","item":"https:\/\/noticiasdominicanas.com\/"},{"@type":"ListItem","position":2,"name":"FP fortalece formaci\u00f3n legal de ciudadanos en la Provincia Valverde"}]},{"@type":"WebSite","@id":"https:\/\/noticiasdominicanas.com\/#website","url":"https:\/\/noticiasdominicanas.com\/","name":"Noticias Dominicanas","description":"Noticias y opiniones desde Rep\u00fablica Dominicana","publisher":{"@id":"https:\/\/noticiasdominicanas.com\/#organization"},"potentialAction":[{"@type":"SearchAction","target":{"@type":"EntryPoint","urlTemplate":"https:\/\/noticiasdominicanas.com\/?s={search_term_string}"},"query-input":{"@type":"PropertyValueSpecification","valueRequired":true,"valueName":"search_term_string"}}],"inLanguage":"es"},{"@type":"Organization","@id":"https:\/\/noticiasdominicanas.com\/#organization","name":"Noticias Dominicanas","url":"https:\/\/noticiasdominicanas.com\/","logo":{"@type":"ImageObject","inLanguage":"es","@id":"https:\/\/noticiasdominicanas.com\/#\/schema\/logo\/image\/","url":"https:\/\/i0.wp.com\/noticiasdominicanas.com\/wp-content\/uploads\/2013\/12\/logo-noticias-dominicanas-web.png?fit=380%2C100&ssl=1","contentUrl":"https:\/\/i0.wp.com\/noticiasdominicanas.com\/wp-content\/uploads\/2013\/12\/logo-noticias-dominicanas-web.png?fit=380%2C100&ssl=1","width":380,"height":100,"caption":"Noticias Dominicanas"},"image":{"@id":"https:\/\/noticiasdominicanas.com\/#\/schema\/logo\/image\/"},"sameAs":["https:\/\/www.facebook.com\/notidominicanas","https:\/\/x.com\/notidominicanas","https:\/\/www.instagram.com\/ndominicanas\/"]},{"@type":"Person","@id":"https:\/\/noticiasdominicanas.com\/#\/schema\/person\/ee8e756960e116e1f0612f86172c5831","name":"notidom","image":{"@type":"ImageObject","inLanguage":"es","@id":"https:\/\/secure.gravatar.com\/avatar\/f184cef738a2e7a54f4d1f52522b7a733332543fce5bbc31311546a99cd995e1?s=96&d=mm&r=g","url":"https:\/\/secure.gravatar.com\/avatar\/f184cef738a2e7a54f4d1f52522b7a733332543fce5bbc31311546a99cd995e1?s=96&d=mm&r=g","contentUrl":"https:\/\/secure.gravatar.com\/avatar\/f184cef738a2e7a54f4d1f52522b7a733332543fce5bbc31311546a99cd995e1?s=96&d=mm&r=g","caption":"notidom"},"url":"https:\/\/noticiasdominicanas.com\/?author=1"}]}},"jetpack_featured_media_url":"https:\/\/i0.wp.com\/noticiasdominicanas.com\/wp-content\/uploads\/2026\/03\/Valverde-Mao.jpeg?fit=1200%2C1250&ssl=1","jetpack_sharing_enabled":true,"_links":{"self":[{"href":"https:\/\/noticiasdominicanas.com\/index.php?rest_route=\/wp\/v2\/posts\/19574","targetHints":{"allow":["GET"]}}],"collection":[{"href":"https:\/\/noticiasdominicanas.com\/index.php?rest_route=\/wp\/v2\/posts"}],"about":[{"href":"https:\/\/noticiasdominicanas.com\/index.php?rest_route=\/wp\/v2\/types\/post"}],"author":[{"embeddable":true,"href":"https:\/\/noticiasdominicanas.com\/index.php?rest_route=\/wp\/v2\/users\/1"}],"replies":[{"embeddable":true,"href":"https:\/\/noticiasdominicanas.com\/index.php?rest_route=%2Fwp%2Fv2%2Fcomments&post=19574"}],"version-history":[{"count":1,"href":"https:\/\/noticiasdominicanas.com\/index.php?rest_route=\/wp\/v2\/posts\/19574\/revisions"}],"predecessor-version":[{"id":19576,"href":"https:\/\/noticiasdominicanas.com\/index.php?rest_route=\/wp\/v2\/posts\/19574\/revisions\/19576"}],"wp:featuredmedia":[{"embeddable":true,"href":"https:\/\/noticiasdominicanas.com\/index.php?rest_route=\/wp\/v2\/media\/19575"}],"wp:attachment":[{"href":"https:\/\/noticiasdominicanas.com\/index.php?rest_route=%2Fwp%2Fv2%2Fmedia&parent=19574"}],"wp:term":[{"taxonomy":"category","embeddable":true,"href":"https:\/\/noticiasdominicanas.com\/index.php?rest_route=%2Fwp%2Fv2%2Fcategories&post=19574"},{"taxonomy":"post_tag","embeddable":true,"href":"https:\/\/noticiasdominicanas.com\/index.php?rest_route=%2Fwp%2Fv2%2Ftags&post=19574"}],"curies":[{"name":"wp","href":"https:\/\/api.w.org\/{rel}","templated":true}]}}