{"id":19570,"date":"2026-03-09T10:59:16","date_gmt":"2026-03-09T14:59:16","guid":{"rendered":"https:\/\/noticiasdominicanas.com\/?p=19570"},"modified":"2026-03-09T10:59:18","modified_gmt":"2026-03-09T14:59:18","slug":"conferencia-mujer-tu-puedes-resalta-el-papel-de-la-educacion-y-el-liderazgo-femenino-en-el-desarrollo-nacional","status":"publish","type":"post","link":"https:\/\/noticiasdominicanas.com\/?p=19570","title":{"rendered":"Conferencia \u201cMujer, t\u00fa puedes\u201d resalta el papel de la educaci\u00f3n y el liderazgo femenino en el desarrollo nacional"},"content":{"rendered":"\n<figure class=\"wp-block-image size-large is-resized\"><img data-recalc-dims=\"1\" loading=\"lazy\" decoding=\"async\" width=\"768\" height=\"1024\" data-attachment-id=\"19572\" data-permalink=\"https:\/\/noticiasdominicanas.com\/?attachment_id=19572\" data-orig-file=\"https:\/\/i0.wp.com\/noticiasdominicanas.com\/wp-content\/uploads\/2026\/03\/WhatsApp-Image-2026-03-09-at-10.52.35-AM.jpeg?fit=1200%2C1600&amp;ssl=1\" data-orig-size=\"1200,1600\" data-comments-opened=\"0\" data-image-meta=\"{&quot;aperture&quot;:&quot;0&quot;,&quot;credit&quot;:&quot;&quot;,&quot;camera&quot;:&quot;&quot;,&quot;caption&quot;:&quot;&quot;,&quot;created_timestamp&quot;:&quot;0&quot;,&quot;copyright&quot;:&quot;&quot;,&quot;focal_length&quot;:&quot;0&quot;,&quot;iso&quot;:&quot;0&quot;,&quot;shutter_speed&quot;:&quot;0&quot;,&quot;title&quot;:&quot;&quot;,&quot;orientation&quot;:&quot;0&quot;}\" data-image-title=\"WhatsApp Image 2026-03-09 at 10.52.35 AM\" data-image-description=\"\" data-image-caption=\"\" data-large-file=\"https:\/\/i0.wp.com\/noticiasdominicanas.com\/wp-content\/uploads\/2026\/03\/WhatsApp-Image-2026-03-09-at-10.52.35-AM.jpeg?fit=768%2C1024&amp;ssl=1\" src=\"https:\/\/i0.wp.com\/noticiasdominicanas.com\/wp-content\/uploads\/2026\/03\/WhatsApp-Image-2026-03-09-at-10.52.35-AM.jpeg?resize=768%2C1024&#038;ssl=1\" alt=\"\" class=\"wp-image-19572\" style=\"width:930px;height:auto\" srcset=\"https:\/\/i0.wp.com\/noticiasdominicanas.com\/wp-content\/uploads\/2026\/03\/WhatsApp-Image-2026-03-09-at-10.52.35-AM.jpeg?resize=768%2C1024&amp;ssl=1 768w, https:\/\/i0.wp.com\/noticiasdominicanas.com\/wp-content\/uploads\/2026\/03\/WhatsApp-Image-2026-03-09-at-10.52.35-AM.jpeg?resize=225%2C300&amp;ssl=1 225w, https:\/\/i0.wp.com\/noticiasdominicanas.com\/wp-content\/uploads\/2026\/03\/WhatsApp-Image-2026-03-09-at-10.52.35-AM.jpeg?resize=1152%2C1536&amp;ssl=1 1152w, https:\/\/i0.wp.com\/noticiasdominicanas.com\/wp-content\/uploads\/2026\/03\/WhatsApp-Image-2026-03-09-at-10.52.35-AM.jpeg?w=1200&amp;ssl=1 1200w\" sizes=\"auto, (max-width: 768px) 100vw, 768px\" \/><\/figure>\n\n\n<p><strong>Santiago, Rep\u00fablica Dominicana.\u2013<\/strong> En el marco de las actividades conmemorativas del D\u00eda Internacional de la Mujer, fue impartida la conferencia \u201cMujer, t\u00fa puedes: educaci\u00f3n, liderazgo y participaci\u00f3n pol\u00edtica\u201d, a cargo de la diputada Llaniris Espinal, quien destac\u00f3 el rol fundamental de la mujer en la construcci\u00f3n de una sociedad m\u00e1s justa, democr\u00e1tica y sostenible.<\/p>\n<p>Durante su intervenci\u00f3n, Espinal afirm\u00f3 que la educaci\u00f3n es el primer paso para la libertad y el desarrollo de las mujeres, recordando el legado de la educadora dominicana Salom\u00e9 Ure\u00f1a de Henr\u00edquez, pionera en la promoci\u00f3n de la formaci\u00f3n acad\u00e9mica femenina en el pa\u00eds.<\/p>\n<p>La conferencista explic\u00f3 que hoy las mujeres dominicanas han logrado importantes avances en el acceso a la educaci\u00f3n superior y en su participaci\u00f3n en distintos \u00e1mbitos profesionales, liderando espacios en \u00e1reas como la educaci\u00f3n, la salud, el derecho, la econom\u00eda y las ciencias sociales.<\/p>\n<p>Asimismo, resalt\u00f3 el impacto del liderazgo femenino en los procesos de transformaci\u00f3n social, citando como referentes hist\u00f3ricos a Minerva Mirabal y Mam\u00e1 Ting\u00f3, quienes representan la lucha por la libertad, la justicia social y la defensa de los derechos humanos.<\/p>\n<p>En el \u00e1mbito pol\u00edtico, Espinal destac\u00f3 que la participaci\u00f3n de las mujeres es clave para el fortalecimiento de la democracia. Se\u00f1al\u00f3 que para el per\u00edodo legislativo 2024-2028 las mujeres alcanzaron una representaci\u00f3n hist\u00f3rica en el Congreso Nacional, ocupando el 33.3 % de los esca\u00f1os, aunque todav\u00eda persisten desaf\u00edos como la baja representaci\u00f3n en algunos espacios de poder y las barreras econ\u00f3micas en las campa\u00f1as electorales.<\/p>\n<p>Tambi\u00e9n indic\u00f3 que las mujeres tienen un papel relevante en la econom\u00eda dominicana, se\u00f1alando que m\u00e1s de la mitad de las micro, peque\u00f1as y medianas empresas (MIPYMES) del pa\u00eds son dirigidas por mujeres, lo que evidencia su contribuci\u00f3n al crecimiento econ\u00f3mico y la generaci\u00f3n de empleo.<\/p>\n<p>La actividad concluy\u00f3 con un llamado a continuar impulsando pol\u00edticas p\u00fablicas y espacios de participaci\u00f3n que garanticen igualdad de oportunidades, liderazgo y empoderamiento femenino, destacando que el desarrollo de una naci\u00f3n se fortalece cuando mujeres y hombres participan en igualdad de condiciones en la construcci\u00f3n del futuro.<\/p>\n<p>\u201cLa frase Mujer, t\u00fa puedes representa la convicci\u00f3n de que cada mujer tiene la capacidad de educarse, liderar, emprender y transformar su comunidad\u201d, expres\u00f3 la conferencista.<\/p>\n<p>La conferencia se desarroll\u00f3 como parte de las iniciativas orientadas a promover la reflexi\u00f3n sobre el papel estrat\u00e9gico de la mujer en el desarrollo social, econ\u00f3mico y pol\u00edtico de la Rep\u00fablica Dominicana.<\/p>\n\n\n<figure class=\"wp-block-image size-large\"><img data-recalc-dims=\"1\" loading=\"lazy\" decoding=\"async\" width=\"576\" height=\"1024\" data-attachment-id=\"19571\" data-permalink=\"https:\/\/noticiasdominicanas.com\/?attachment_id=19571\" data-orig-file=\"https:\/\/i0.wp.com\/noticiasdominicanas.com\/wp-content\/uploads\/2026\/03\/WhatsApp-Image-2026-03-.jpeg?fit=900%2C1600&amp;ssl=1\" data-orig-size=\"900,1600\" data-comments-opened=\"0\" data-image-meta=\"{&quot;aperture&quot;:&quot;0&quot;,&quot;credit&quot;:&quot;&quot;,&quot;camera&quot;:&quot;&quot;,&quot;caption&quot;:&quot;&quot;,&quot;created_timestamp&quot;:&quot;0&quot;,&quot;copyright&quot;:&quot;&quot;,&quot;focal_length&quot;:&quot;0&quot;,&quot;iso&quot;:&quot;0&quot;,&quot;shutter_speed&quot;:&quot;0&quot;,&quot;title&quot;:&quot;&quot;,&quot;orientation&quot;:&quot;0&quot;}\" data-image-title=\"WhatsApp Image 2026-03-\" data-image-description=\"\" data-image-caption=\"\" data-large-file=\"https:\/\/i0.wp.com\/noticiasdominicanas.com\/wp-content\/uploads\/2026\/03\/WhatsApp-Image-2026-03-.jpeg?fit=576%2C1024&amp;ssl=1\" src=\"https:\/\/i0.wp.com\/noticiasdominicanas.com\/wp-content\/uploads\/2026\/03\/WhatsApp-Image-2026-03-.jpeg?resize=576%2C1024&#038;ssl=1\" alt=\"\" class=\"wp-image-19571\" srcset=\"https:\/\/i0.wp.com\/noticiasdominicanas.com\/wp-content\/uploads\/2026\/03\/WhatsApp-Image-2026-03-.jpeg?resize=576%2C1024&amp;ssl=1 576w, https:\/\/i0.wp.com\/noticiasdominicanas.com\/wp-content\/uploads\/2026\/03\/WhatsApp-Image-2026-03-.jpeg?resize=169%2C300&amp;ssl=1 169w, https:\/\/i0.wp.com\/noticiasdominicanas.com\/wp-content\/uploads\/2026\/03\/WhatsApp-Image-2026-03-.jpeg?resize=864%2C1536&amp;ssl=1 864w, https:\/\/i0.wp.com\/noticiasdominicanas.com\/wp-content\/uploads\/2026\/03\/WhatsApp-Image-2026-03-.jpeg?w=900&amp;ssl=1 900w\" sizes=\"auto, (max-width: 576px) 100vw, 576px\" \/><\/figure>\n","protected":false},"excerpt":{"rendered":"<p>Santiago, Rep\u00fablica Dominicana.\u2013 En el marco de las actividades conmemorativas del D\u00eda Internacional de la Mujer, fue impartida la conferencia \u201cMujer, t\u00fa puedes: educaci\u00f3n, liderazgo y participaci\u00f3n pol\u00edtica\u201d, a cargo&hellip;<\/p>\n","protected":false},"author":2,"featured_media":19572,"comment_status":"closed","ping_status":"closed","sticky":false,"template":"","format":"standard","meta":{"_jetpack_memberships_contains_paid_content":false,"footnotes":""},"categories":[3,10],"tags":[3223],"class_list":["post-19570","post","type-post","status-publish","format-standard","has-post-thumbnail","hentry","category-nacionales","category-santiago","tag-diputada-llaniris-espinal"],"yoast_head":"<!-- This site is optimized with the Yoast SEO plugin v27.4 - https:\/\/yoast.com\/product\/yoast-seo-wordpress\/ -->\n<title>Conferencia \u201cMujer, t\u00fa puedes\u201d resalta el papel de la educaci\u00f3n y el liderazgo femenino en el desarrollo nacional - Noticias Dominicanas<\/title>\n<meta name=\"robots\" content=\"index, follow, max-snippet:-1, max-image-preview:large, max-video-preview:-1\" \/>\n<link rel=\"canonical\" href=\"https:\/\/noticiasdominicanas.com\/?p=19570\" \/>\n<meta property=\"og:locale\" content=\"es_ES\" \/>\n<meta property=\"og:type\" content=\"article\" \/>\n<meta property=\"og:title\" content=\"Conferencia \u201cMujer, t\u00fa puedes\u201d resalta el papel de la educaci\u00f3n y el liderazgo femenino en el desarrollo nacional - Noticias Dominicanas\" \/>\n<meta property=\"og:description\" content=\"Santiago, Rep\u00fablica Dominicana.\u2013 En el marco de las actividades conmemorativas del D\u00eda Internacional de la Mujer, fue impartida la conferencia \u201cMujer, t\u00fa puedes: educaci\u00f3n, liderazgo y participaci\u00f3n pol\u00edtica\u201d, a cargo&hellip;\" \/>\n<meta property=\"og:url\" content=\"https:\/\/noticiasdominicanas.com\/?p=19570\" \/>\n<meta property=\"og:site_name\" content=\"Noticias Dominicanas\" \/>\n<meta property=\"article:publisher\" content=\"https:\/\/www.facebook.com\/notidominicanas\" \/>\n<meta property=\"article:author\" content=\"https:\/\/www.facebook.com\/Nelsonreyesestrella\" \/>\n<meta property=\"article:published_time\" content=\"2026-03-09T14:59:16+00:00\" \/>\n<meta property=\"article:modified_time\" content=\"2026-03-09T14:59:18+00:00\" \/>\n<meta property=\"og:image\" content=\"https:\/\/noticiasdominicanas.com\/wp-content\/uploads\/2026\/03\/WhatsApp-Image-2026-03-09-at-10.52.35-AM.jpeg\" \/>\n\t<meta property=\"og:image:width\" content=\"1200\" \/>\n\t<meta property=\"og:image:height\" content=\"1600\" \/>\n\t<meta property=\"og:image:type\" content=\"image\/jpeg\" \/>\n<meta name=\"author\" content=\"Nelson Reyes Estrella\" \/>\n<meta name=\"twitter:card\" content=\"summary_large_image\" \/>\n<meta name=\"twitter:creator\" content=\"@nelsonjre\" \/>\n<meta name=\"twitter:site\" content=\"@notidominicanas\" \/>\n<meta name=\"twitter:label1\" content=\"Escrito por\" \/>\n\t<meta name=\"twitter:data1\" content=\"Nelson Reyes Estrella\" \/>\n\t<meta name=\"twitter:label2\" content=\"Tiempo de lectura\" \/>\n\t<meta name=\"twitter:data2\" content=\"3 minutos\" \/>\n<script type=\"application\/ld+json\" class=\"yoast-schema-graph\">{\"@context\":\"https:\\\/\\\/schema.org\",\"@graph\":[{\"@type\":\"Article\",\"@id\":\"https:\\\/\\\/noticiasdominicanas.com\\\/?p=19570#article\",\"isPartOf\":{\"@id\":\"https:\\\/\\\/noticiasdominicanas.com\\\/?p=19570\"},\"author\":{\"name\":\"Nelson Reyes Estrella\",\"@id\":\"https:\\\/\\\/noticiasdominicanas.com\\\/#\\\/schema\\\/person\\\/cc2997f87c2b01d328305233a3b0095b\"},\"headline\":\"Conferencia \u201cMujer, t\u00fa puedes\u201d resalta el papel de la educaci\u00f3n y el liderazgo femenino en el desarrollo nacional\",\"datePublished\":\"2026-03-09T14:59:16+00:00\",\"dateModified\":\"2026-03-09T14:59:18+00:00\",\"mainEntityOfPage\":{\"@id\":\"https:\\\/\\\/noticiasdominicanas.com\\\/?p=19570\"},\"wordCount\":469,\"publisher\":{\"@id\":\"https:\\\/\\\/noticiasdominicanas.com\\\/#organization\"},\"image\":{\"@id\":\"https:\\\/\\\/noticiasdominicanas.com\\\/?p=19570#primaryimage\"},\"thumbnailUrl\":\"https:\\\/\\\/i0.wp.com\\\/noticiasdominicanas.com\\\/wp-content\\\/uploads\\\/2026\\\/03\\\/WhatsApp-Image-2026-03-09-at-10.52.35-AM.jpeg?fit=1200%2C1600&ssl=1\",\"keywords\":[\"Diputada Llaniris Espinal\"],\"articleSection\":[\"Nacionales\",\"Santiago\"],\"inLanguage\":\"es\"},{\"@type\":\"WebPage\",\"@id\":\"https:\\\/\\\/noticiasdominicanas.com\\\/?p=19570\",\"url\":\"https:\\\/\\\/noticiasdominicanas.com\\\/?p=19570\",\"name\":\"Conferencia \u201cMujer, t\u00fa puedes\u201d resalta el papel de la educaci\u00f3n y el liderazgo femenino en el desarrollo nacional - Noticias Dominicanas\",\"isPartOf\":{\"@id\":\"https:\\\/\\\/noticiasdominicanas.com\\\/#website\"},\"primaryImageOfPage\":{\"@id\":\"https:\\\/\\\/noticiasdominicanas.com\\\/?p=19570#primaryimage\"},\"image\":{\"@id\":\"https:\\\/\\\/noticiasdominicanas.com\\\/?p=19570#primaryimage\"},\"thumbnailUrl\":\"https:\\\/\\\/i0.wp.com\\\/noticiasdominicanas.com\\\/wp-content\\\/uploads\\\/2026\\\/03\\\/WhatsApp-Image-2026-03-09-at-10.52.35-AM.jpeg?fit=1200%2C1600&ssl=1\",\"datePublished\":\"2026-03-09T14:59:16+00:00\",\"dateModified\":\"2026-03-09T14:59:18+00:00\",\"breadcrumb\":{\"@id\":\"https:\\\/\\\/noticiasdominicanas.com\\\/?p=19570#breadcrumb\"},\"inLanguage\":\"es\",\"potentialAction\":[{\"@type\":\"ReadAction\",\"target\":[\"https:\\\/\\\/noticiasdominicanas.com\\\/?p=19570\"]}]},{\"@type\":\"ImageObject\",\"inLanguage\":\"es\",\"@id\":\"https:\\\/\\\/noticiasdominicanas.com\\\/?p=19570#primaryimage\",\"url\":\"https:\\\/\\\/i0.wp.com\\\/noticiasdominicanas.com\\\/wp-content\\\/uploads\\\/2026\\\/03\\\/WhatsApp-Image-2026-03-09-at-10.52.35-AM.jpeg?fit=1200%2C1600&ssl=1\",\"contentUrl\":\"https:\\\/\\\/i0.wp.com\\\/noticiasdominicanas.com\\\/wp-content\\\/uploads\\\/2026\\\/03\\\/WhatsApp-Image-2026-03-09-at-10.52.35-AM.jpeg?fit=1200%2C1600&ssl=1\",\"width\":1200,\"height\":1600},{\"@type\":\"BreadcrumbList\",\"@id\":\"https:\\\/\\\/noticiasdominicanas.com\\\/?p=19570#breadcrumb\",\"itemListElement\":[{\"@type\":\"ListItem\",\"position\":1,\"name\":\"Home\",\"item\":\"https:\\\/\\\/noticiasdominicanas.com\\\/\"},{\"@type\":\"ListItem\",\"position\":2,\"name\":\"Conferencia \u201cMujer, t\u00fa puedes\u201d resalta el papel de la educaci\u00f3n y el liderazgo femenino en el desarrollo nacional\"}]},{\"@type\":\"WebSite\",\"@id\":\"https:\\\/\\\/noticiasdominicanas.com\\\/#website\",\"url\":\"https:\\\/\\\/noticiasdominicanas.com\\\/\",\"name\":\"Noticias Dominicanas\",\"description\":\"Noticias y opiniones desde Rep\u00fablica Dominicana\",\"publisher\":{\"@id\":\"https:\\\/\\\/noticiasdominicanas.com\\\/#organization\"},\"potentialAction\":[{\"@type\":\"SearchAction\",\"target\":{\"@type\":\"EntryPoint\",\"urlTemplate\":\"https:\\\/\\\/noticiasdominicanas.com\\\/?s={search_term_string}\"},\"query-input\":{\"@type\":\"PropertyValueSpecification\",\"valueRequired\":true,\"valueName\":\"search_term_string\"}}],\"inLanguage\":\"es\"},{\"@type\":\"Organization\",\"@id\":\"https:\\\/\\\/noticiasdominicanas.com\\\/#organization\",\"name\":\"Noticias Dominicanas\",\"url\":\"https:\\\/\\\/noticiasdominicanas.com\\\/\",\"logo\":{\"@type\":\"ImageObject\",\"inLanguage\":\"es\",\"@id\":\"https:\\\/\\\/noticiasdominicanas.com\\\/#\\\/schema\\\/logo\\\/image\\\/\",\"url\":\"https:\\\/\\\/i0.wp.com\\\/noticiasdominicanas.com\\\/wp-content\\\/uploads\\\/2013\\\/12\\\/logo-noticias-dominicanas-web.png?fit=380%2C100&ssl=1\",\"contentUrl\":\"https:\\\/\\\/i0.wp.com\\\/noticiasdominicanas.com\\\/wp-content\\\/uploads\\\/2013\\\/12\\\/logo-noticias-dominicanas-web.png?fit=380%2C100&ssl=1\",\"width\":380,\"height\":100,\"caption\":\"Noticias Dominicanas\"},\"image\":{\"@id\":\"https:\\\/\\\/noticiasdominicanas.com\\\/#\\\/schema\\\/logo\\\/image\\\/\"},\"sameAs\":[\"https:\\\/\\\/www.facebook.com\\\/notidominicanas\",\"https:\\\/\\\/x.com\\\/notidominicanas\",\"https:\\\/\\\/www.instagram.com\\\/ndominicanas\\\/\"]},{\"@type\":\"Person\",\"@id\":\"https:\\\/\\\/noticiasdominicanas.com\\\/#\\\/schema\\\/person\\\/cc2997f87c2b01d328305233a3b0095b\",\"name\":\"Nelson Reyes Estrella\",\"image\":{\"@type\":\"ImageObject\",\"inLanguage\":\"es\",\"@id\":\"https:\\\/\\\/secure.gravatar.com\\\/avatar\\\/223bda5af001641a73bef9f848869d1ecb5f7b7ae030ba03a385256a420f61a4?s=96&d=mm&r=g\",\"url\":\"https:\\\/\\\/secure.gravatar.com\\\/avatar\\\/223bda5af001641a73bef9f848869d1ecb5f7b7ae030ba03a385256a420f61a4?s=96&d=mm&r=g\",\"contentUrl\":\"https:\\\/\\\/secure.gravatar.com\\\/avatar\\\/223bda5af001641a73bef9f848869d1ecb5f7b7ae030ba03a385256a420f61a4?s=96&d=mm&r=g\",\"caption\":\"Nelson Reyes Estrella\"},\"description\":\"Doctor en Econom\u00eda. Polit\u00f3logo, periodista, abogado y ecologista; con maestr\u00eda en Derecho y Relaciones Internacionales, M\u00e1ster en Seguridad Defensa y Geoestrategia y M\u00e1ster en Gesti\u00f3n de la Comunicaci\u00f3n Pol\u00edtica y Electoral. Docente de la Escuela de Ciencias Pol\u00edticas de la UASD. Contacto: 809-778-3722 \\\/ nelsonreyesestrella@gmail.com \\\/nreyes03@uasd.edu.do\",\"sameAs\":[\"http:\\\/\\\/noticiasdominicanas.com\",\"https:\\\/\\\/www.facebook.com\\\/Nelsonreyesestrella\",\"https:\\\/\\\/www.instagram.com\\\/invites\\\/contact\\\/?i=8c58nxy2m44y&utm_content=rx88b4\",\"https:\\\/\\\/www.linkedin.com\\\/in\\\/nelsonreyesestrella?utm_source=share&utm_campaign=share_via&utm_content=profile&utm_medium=android_app\",\"https:\\\/\\\/x.com\\\/@nelsonjre\",\"youtube.com\\\/channel\\\/UCXjLaVPSsTceF4a2pL4ZJZA\"],\"url\":\"https:\\\/\\\/noticiasdominicanas.com\\\/?author=2\"}]}<\/script>\n<!-- \/ Yoast SEO plugin. -->","yoast_head_json":{"title":"Conferencia \u201cMujer, t\u00fa puedes\u201d resalta el papel de la educaci\u00f3n y el liderazgo femenino en el desarrollo nacional - Noticias Dominicanas","robots":{"index":"index","follow":"follow","max-snippet":"max-snippet:-1","max-image-preview":"max-image-preview:large","max-video-preview":"max-video-preview:-1"},"canonical":"https:\/\/noticiasdominicanas.com\/?p=19570","og_locale":"es_ES","og_type":"article","og_title":"Conferencia \u201cMujer, t\u00fa puedes\u201d resalta el papel de la educaci\u00f3n y el liderazgo femenino en el desarrollo nacional - Noticias Dominicanas","og_description":"Santiago, Rep\u00fablica Dominicana.\u2013 En el marco de las actividades conmemorativas del D\u00eda Internacional de la Mujer, fue impartida la conferencia \u201cMujer, t\u00fa puedes: educaci\u00f3n, liderazgo y participaci\u00f3n pol\u00edtica\u201d, a cargo&hellip;","og_url":"https:\/\/noticiasdominicanas.com\/?p=19570","og_site_name":"Noticias Dominicanas","article_publisher":"https:\/\/www.facebook.com\/notidominicanas","article_author":"https:\/\/www.facebook.com\/Nelsonreyesestrella","article_published_time":"2026-03-09T14:59:16+00:00","article_modified_time":"2026-03-09T14:59:18+00:00","og_image":[{"width":1200,"height":1600,"url":"https:\/\/noticiasdominicanas.com\/wp-content\/uploads\/2026\/03\/WhatsApp-Image-2026-03-09-at-10.52.35-AM.jpeg","type":"image\/jpeg"}],"author":"Nelson Reyes Estrella","twitter_card":"summary_large_image","twitter_creator":"@nelsonjre","twitter_site":"@notidominicanas","twitter_misc":{"Escrito por":"Nelson Reyes Estrella","Tiempo de lectura":"3 minutos"},"schema":{"@context":"https:\/\/schema.org","@graph":[{"@type":"Article","@id":"https:\/\/noticiasdominicanas.com\/?p=19570#article","isPartOf":{"@id":"https:\/\/noticiasdominicanas.com\/?p=19570"},"author":{"name":"Nelson Reyes Estrella","@id":"https:\/\/noticiasdominicanas.com\/#\/schema\/person\/cc2997f87c2b01d328305233a3b0095b"},"headline":"Conferencia \u201cMujer, t\u00fa puedes\u201d resalta el papel de la educaci\u00f3n y el liderazgo femenino en el desarrollo nacional","datePublished":"2026-03-09T14:59:16+00:00","dateModified":"2026-03-09T14:59:18+00:00","mainEntityOfPage":{"@id":"https:\/\/noticiasdominicanas.com\/?p=19570"},"wordCount":469,"publisher":{"@id":"https:\/\/noticiasdominicanas.com\/#organization"},"image":{"@id":"https:\/\/noticiasdominicanas.com\/?p=19570#primaryimage"},"thumbnailUrl":"https:\/\/i0.wp.com\/noticiasdominicanas.com\/wp-content\/uploads\/2026\/03\/WhatsApp-Image-2026-03-09-at-10.52.35-AM.jpeg?fit=1200%2C1600&ssl=1","keywords":["Diputada Llaniris Espinal"],"articleSection":["Nacionales","Santiago"],"inLanguage":"es"},{"@type":"WebPage","@id":"https:\/\/noticiasdominicanas.com\/?p=19570","url":"https:\/\/noticiasdominicanas.com\/?p=19570","name":"Conferencia \u201cMujer, t\u00fa puedes\u201d resalta el papel de la educaci\u00f3n y el liderazgo femenino en el desarrollo nacional - Noticias Dominicanas","isPartOf":{"@id":"https:\/\/noticiasdominicanas.com\/#website"},"primaryImageOfPage":{"@id":"https:\/\/noticiasdominicanas.com\/?p=19570#primaryimage"},"image":{"@id":"https:\/\/noticiasdominicanas.com\/?p=19570#primaryimage"},"thumbnailUrl":"https:\/\/i0.wp.com\/noticiasdominicanas.com\/wp-content\/uploads\/2026\/03\/WhatsApp-Image-2026-03-09-at-10.52.35-AM.jpeg?fit=1200%2C1600&ssl=1","datePublished":"2026-03-09T14:59:16+00:00","dateModified":"2026-03-09T14:59:18+00:00","breadcrumb":{"@id":"https:\/\/noticiasdominicanas.com\/?p=19570#breadcrumb"},"inLanguage":"es","potentialAction":[{"@type":"ReadAction","target":["https:\/\/noticiasdominicanas.com\/?p=19570"]}]},{"@type":"ImageObject","inLanguage":"es","@id":"https:\/\/noticiasdominicanas.com\/?p=19570#primaryimage","url":"https:\/\/i0.wp.com\/noticiasdominicanas.com\/wp-content\/uploads\/2026\/03\/WhatsApp-Image-2026-03-09-at-10.52.35-AM.jpeg?fit=1200%2C1600&ssl=1","contentUrl":"https:\/\/i0.wp.com\/noticiasdominicanas.com\/wp-content\/uploads\/2026\/03\/WhatsApp-Image-2026-03-09-at-10.52.35-AM.jpeg?fit=1200%2C1600&ssl=1","width":1200,"height":1600},{"@type":"BreadcrumbList","@id":"https:\/\/noticiasdominicanas.com\/?p=19570#breadcrumb","itemListElement":[{"@type":"ListItem","position":1,"name":"Home","item":"https:\/\/noticiasdominicanas.com\/"},{"@type":"ListItem","position":2,"name":"Conferencia \u201cMujer, t\u00fa puedes\u201d resalta el papel de la educaci\u00f3n y el liderazgo femenino en el desarrollo nacional"}]},{"@type":"WebSite","@id":"https:\/\/noticiasdominicanas.com\/#website","url":"https:\/\/noticiasdominicanas.com\/","name":"Noticias Dominicanas","description":"Noticias y opiniones desde Rep\u00fablica Dominicana","publisher":{"@id":"https:\/\/noticiasdominicanas.com\/#organization"},"potentialAction":[{"@type":"SearchAction","target":{"@type":"EntryPoint","urlTemplate":"https:\/\/noticiasdominicanas.com\/?s={search_term_string}"},"query-input":{"@type":"PropertyValueSpecification","valueRequired":true,"valueName":"search_term_string"}}],"inLanguage":"es"},{"@type":"Organization","@id":"https:\/\/noticiasdominicanas.com\/#organization","name":"Noticias Dominicanas","url":"https:\/\/noticiasdominicanas.com\/","logo":{"@type":"ImageObject","inLanguage":"es","@id":"https:\/\/noticiasdominicanas.com\/#\/schema\/logo\/image\/","url":"https:\/\/i0.wp.com\/noticiasdominicanas.com\/wp-content\/uploads\/2013\/12\/logo-noticias-dominicanas-web.png?fit=380%2C100&ssl=1","contentUrl":"https:\/\/i0.wp.com\/noticiasdominicanas.com\/wp-content\/uploads\/2013\/12\/logo-noticias-dominicanas-web.png?fit=380%2C100&ssl=1","width":380,"height":100,"caption":"Noticias Dominicanas"},"image":{"@id":"https:\/\/noticiasdominicanas.com\/#\/schema\/logo\/image\/"},"sameAs":["https:\/\/www.facebook.com\/notidominicanas","https:\/\/x.com\/notidominicanas","https:\/\/www.instagram.com\/ndominicanas\/"]},{"@type":"Person","@id":"https:\/\/noticiasdominicanas.com\/#\/schema\/person\/cc2997f87c2b01d328305233a3b0095b","name":"Nelson Reyes Estrella","image":{"@type":"ImageObject","inLanguage":"es","@id":"https:\/\/secure.gravatar.com\/avatar\/223bda5af001641a73bef9f848869d1ecb5f7b7ae030ba03a385256a420f61a4?s=96&d=mm&r=g","url":"https:\/\/secure.gravatar.com\/avatar\/223bda5af001641a73bef9f848869d1ecb5f7b7ae030ba03a385256a420f61a4?s=96&d=mm&r=g","contentUrl":"https:\/\/secure.gravatar.com\/avatar\/223bda5af001641a73bef9f848869d1ecb5f7b7ae030ba03a385256a420f61a4?s=96&d=mm&r=g","caption":"Nelson Reyes Estrella"},"description":"Doctor en Econom\u00eda. Polit\u00f3logo, periodista, abogado y ecologista; con maestr\u00eda en Derecho y Relaciones Internacionales, M\u00e1ster en Seguridad Defensa y Geoestrategia y M\u00e1ster en Gesti\u00f3n de la Comunicaci\u00f3n Pol\u00edtica y Electoral. Docente de la Escuela de Ciencias Pol\u00edticas de la UASD. Contacto: 809-778-3722 \/ nelsonreyesestrella@gmail.com \/nreyes03@uasd.edu.do","sameAs":["http:\/\/noticiasdominicanas.com","https:\/\/www.facebook.com\/Nelsonreyesestrella","https:\/\/www.instagram.com\/invites\/contact\/?i=8c58nxy2m44y&utm_content=rx88b4","https:\/\/www.linkedin.com\/in\/nelsonreyesestrella?utm_source=share&utm_campaign=share_via&utm_content=profile&utm_medium=android_app","https:\/\/x.com\/@nelsonjre","youtube.com\/channel\/UCXjLaVPSsTceF4a2pL4ZJZA"],"url":"https:\/\/noticiasdominicanas.com\/?author=2"}]}},"jetpack_featured_media_url":"https:\/\/i0.wp.com\/noticiasdominicanas.com\/wp-content\/uploads\/2026\/03\/WhatsApp-Image-2026-03-09-at-10.52.35-AM.jpeg?fit=1200%2C1600&ssl=1","jetpack_sharing_enabled":true,"_links":{"self":[{"href":"https:\/\/noticiasdominicanas.com\/index.php?rest_route=\/wp\/v2\/posts\/19570","targetHints":{"allow":["GET"]}}],"collection":[{"href":"https:\/\/noticiasdominicanas.com\/index.php?rest_route=\/wp\/v2\/posts"}],"about":[{"href":"https:\/\/noticiasdominicanas.com\/index.php?rest_route=\/wp\/v2\/types\/post"}],"author":[{"embeddable":true,"href":"https:\/\/noticiasdominicanas.com\/index.php?rest_route=\/wp\/v2\/users\/2"}],"replies":[{"embeddable":true,"href":"https:\/\/noticiasdominicanas.com\/index.php?rest_route=%2Fwp%2Fv2%2Fcomments&post=19570"}],"version-history":[{"count":1,"href":"https:\/\/noticiasdominicanas.com\/index.php?rest_route=\/wp\/v2\/posts\/19570\/revisions"}],"predecessor-version":[{"id":19573,"href":"https:\/\/noticiasdominicanas.com\/index.php?rest_route=\/wp\/v2\/posts\/19570\/revisions\/19573"}],"wp:featuredmedia":[{"embeddable":true,"href":"https:\/\/noticiasdominicanas.com\/index.php?rest_route=\/wp\/v2\/media\/19572"}],"wp:attachment":[{"href":"https:\/\/noticiasdominicanas.com\/index.php?rest_route=%2Fwp%2Fv2%2Fmedia&parent=19570"}],"wp:term":[{"taxonomy":"category","embeddable":true,"href":"https:\/\/noticiasdominicanas.com\/index.php?rest_route=%2Fwp%2Fv2%2Fcategories&post=19570"},{"taxonomy":"post_tag","embeddable":true,"href":"https:\/\/noticiasdominicanas.com\/index.php?rest_route=%2Fwp%2Fv2%2Ftags&post=19570"}],"curies":[{"name":"wp","href":"https:\/\/api.w.org\/{rel}","templated":true}]}}